{"id":34831,"date":"2023-01-22T20:25:07","date_gmt":"2023-01-22T23:25:07","guid":{"rendered":"https:\/\/corrientesdetarde.com\/?p=34831"},"modified":"2023-01-22T20:25:12","modified_gmt":"2023-01-22T23:25:12","slug":"una-nueva-prueba-complica-la-situacion-de-dani-alves-las-camaras-de-seguridad-contradicen-su-version","status":"publish","type":"post","link":"https:\/\/corrientesdetarde.com\/index.php\/crimen-y-justicia\/una-nueva-prueba-complica-la-situacion-de-dani-alves-las-camaras-de-seguridad-contradicen-su-version\/","title":{"rendered":"Una nueva prueba complica la situaci\u00f3n de Dani Alves: las c\u00e1maras de seguridad contradicen su versi\u00f3n."},"content":{"rendered":"\n<h2 class=\"wp-block-heading\">El futbolista brasile\u00f1o est\u00e1 detenido desde el viernes 20 de enero y es acusado de violaci\u00f3n. La v\u00edctima denunci\u00f3 que la agredi\u00f3 sexualmente en Barcelona, el 30 de diciembre de 2022.<\/h2>\n\n\n\n<p>Una nueva prueba complica la situaci\u00f3n de<strong>\u00a0Dani Alves<\/strong>, quien se encuentra detenido desde el viernes 20 de enero en el\u00a0<strong>Centro Penitenciario Brians 1 de Barcelona<\/strong>. Est\u00e1 acusado de violaci\u00f3n por una agresi\u00f3n sexual que cometi\u00f3 el 30 de diciembre de 2022 en el ba\u00f1o de una discoteca.<\/p>\n\n\n\n<p>En este contexto,&nbsp;<em>el Peri\u00f3dico de Espa\u00f1a<\/em>&nbsp;public\u00f3 una informaci\u00f3n que podr\u00eda ser trascendente en la causa: las c\u00e1maras de seguridad muestran que<strong>&nbsp;el futbolista y la v\u00edctima estuvieron encerrados durante 15 minutos<\/strong>&nbsp;aproximadamente.<\/p>\n\n\n\n<p>Este video generar\u00eda una contradicci\u00f3n en la versi\u00f3n del brasile\u00f1o, que ya hab\u00eda cambiado su declaraci\u00f3n anteriormente. Primero dijo que no conoc\u00eda a la chica, luego que la hab\u00eda visto y m\u00e1s tarde que ella \u201cse le tir\u00f3 encima\u201d.<\/p>\n\n\n\n<p>Con las nuevas im\u00e1genes, se probar\u00eda que el jugador y la v\u00edctima estuvieron en el ba\u00f1o durante un cuarto de hora, en lugar de un minuto.<\/p>\n\n\n\n<p>Adem\u00e1s,&nbsp;<em>El Peri\u00f3dico<\/em>&nbsp;revel\u00f3 la versi\u00f3n de la denunciante y describi\u00f3 con detalles el momento de la violaci\u00f3n.<\/p>\n\n\n\n<p><strong>Los testigos tambi\u00e9n desmintieron a Dani Alves<\/strong>: varios presentes en el local bailable indicaron que el futbolista invit\u00f3 a la v\u00edctima y a sus amigas a sentarse en su mesa VIP a trav\u00e9s de un mozo, tal como declar\u00f3 la denunciante. El mesero afirm\u00f3 que fue \u00e9l quien les acerc\u00f3 la propuesta a las tres mujeres.<\/p>\n\n\n\n<figure class=\"wp-block-image\"><img decoding=\"async\" src=\"https:\/\/tn.com.ar\/resizer\/b-o9mQ2fkrFJ2AwrVH8PMJbR3CE=\/767x0\/smart\/filters:format(webp)\/cloudfront-us-east-1.images.arcpublishing.com\/artear\/ICGGASKA7VDG3ITKEIGJKS5WXU.jpg\" alt=\"El brasile\u00f1o se encuentra en el Centro Penitenciario Brians 1, en Barcelona. (Foto: Web)\"\/><figcaption>El brasile\u00f1o se encuentra en el Centro Penitenciario Brians 1, en Barcelona. (Foto: Web)Por:&nbsp;<strong>Departament de Just\u00edcia | DJUSTICIA<\/strong><\/figcaption><\/figure>\n\n\n\n<h2 class=\"wp-block-heading\">C\u00f3mo es la aterradora c\u00e1rcel donde est\u00e1 detenido Dani Alves en Barcelona: las fotos<\/h2>\n\n\n\n<p><a href=\"https:\/\/tn.com.ar\/deportes\/futbol\/2023\/01\/20\/los-47-segundos-en-un-bano-por-los-que-se-investiga-a-dani-alves-que-dice-la-denuncia-por-agresion-sexual\/\"><strong>Dani Alves&nbsp;<\/strong><\/a>se encuentra en el peor momento de su vida. El jugador brasile\u00f1o fue detenido por la polic\u00eda de Catalu\u00f1a tras ser acusado de agredir sexualmente a una mujer en el boliche Sutton de Barcelona el 30 de diciembre. La jueza instructora de la causa dictamin\u00f3 la prisi\u00f3n sin fianza para el futbolista de Pumas de M\u00e9xico.<\/p>\n\n\n\n<p>El futbolista ingres\u00f3 en el\u00a0<strong>Centro Penitenciario Brians 1<\/strong>, ubicado en Sant Esteve Sesrovires, un municipio en la parte norte de la comarca del Bajo Llobregat, en Espa\u00f1a. Se trata del penal que reemplaz\u00f3 a la hist\u00f3rica c\u00e1rcel Modelo de Barcelona cuando cerr\u00f3 en julio de 2017. El jugador se encuentra en el m\u00f3dulo de ingresos, que son los distintos espacios en los que se divide una prisi\u00f3n. El brasile\u00f1o permanecer\u00e1 preso hasta definir su situaci\u00f3n.<\/p>\n\n\n\n<p><\/p>\n\n\n\n<p>Fuente: TN.<\/p>\n","protected":false},"excerpt":{"rendered":"<p>El futbolista brasile\u00f1o est\u00e1 detenido desde el viernes 20 de enero y es acusado de violaci\u00f3n. La v\u00edctima denunci\u00f3 que la agredi\u00f3 sexualmente en Barcelona, el 30 de diciembre de&hellip; <\/p>\n","protected":false},"author":6,"featured_media":34832,"comment_status":"closed","ping_status":"open","sticky":false,"template":"","format":"standard","meta":{"footnotes":""},"categories":[5],"tags":[],"class_list":["post-34831","post","type-post","status-publish","format-standard","has-post-thumbnail","hentry","category-crimen-y-justicia"],"_links":{"self":[{"href":"https:\/\/corrientesdetarde.com\/index.php\/wp-json\/wp\/v2\/posts\/34831","targetHints":{"allow":["GET"]}}],"collection":[{"href":"https:\/\/corrientesdetarde.com\/index.php\/wp-json\/wp\/v2\/posts"}],"about":[{"href":"https:\/\/corrientesdetarde.com\/index.php\/wp-json\/wp\/v2\/types\/post"}],"author":[{"embeddable":true,"href":"https:\/\/corrientesdetarde.com\/index.php\/wp-json\/wp\/v2\/users\/6"}],"replies":[{"embeddable":true,"href":"https:\/\/corrientesdetarde.com\/index.php\/wp-json\/wp\/v2\/comments?post=34831"}],"version-history":[{"count":1,"href":"https:\/\/corrientesdetarde.com\/index.php\/wp-json\/wp\/v2\/posts\/34831\/revisions"}],"predecessor-version":[{"id":34833,"href":"https:\/\/corrientesdetarde.com\/index.php\/wp-json\/wp\/v2\/posts\/34831\/revisions\/34833"}],"wp:featuredmedia":[{"embeddable":true,"href":"https:\/\/corrientesdetarde.com\/index.php\/wp-json\/wp\/v2\/media\/34832"}],"wp:attachment":[{"href":"https:\/\/corrientesdetarde.com\/index.php\/wp-json\/wp\/v2\/media?parent=34831"}],"wp:term":[{"taxonomy":"category","embeddable":true,"href":"https:\/\/corrientesdetarde.com\/index.php\/wp-json\/wp\/v2\/categories?post=34831"},{"taxonomy":"post_tag","embeddable":true,"href":"https:\/\/corrientesdetarde.com\/index.php\/wp-json\/wp\/v2\/tags?post=34831"}],"curies":[{"name":"wp","href":"https:\/\/api.w.org\/{rel}","templated":true}]}}