{"id":34834,"date":"2023-01-22T20:53:02","date_gmt":"2023-01-22T23:53:02","guid":{"rendered":"https:\/\/corrientesdetarde.com\/?p=34834"},"modified":"2023-01-22T20:53:05","modified_gmt":"2023-01-22T23:53:05","slug":"cronograma-de-vacunacion-covid-19-y-antigripal","status":"publish","type":"post","link":"https:\/\/corrientesdetarde.com\/index.php\/informacion-general\/cronograma-de-vacunacion-covid-19-y-antigripal\/","title":{"rendered":"Cronograma de Vacunaci\u00f3n Covid-19 y antigripal."},"content":{"rendered":"\n<h2 class=\"wp-block-heading\">El Ministerio de Salud P\u00fablica contin\u00faa con las Campa\u00f1as contra el COVID-19 y Antigripal para la poblaci\u00f3n que se encuentra dentro del grupo de riesgo.<\/h2>\n\n\n\n<h3 class=\"wp-block-heading\"><strong>De lunes a viernes de 8 a 12 y de 14 a 17:<\/strong><\/h3>\n\n\n\n<p><em><strong>Puntos de vacunaci\u00f3n en Capital:<\/strong><\/em><\/p>\n\n\n\n<p>&#8211;&nbsp;<strong>Facultad de Medicina&nbsp;<\/strong>(ingreso por Rivadavia)<\/p>\n\n\n\n<p>&#8211;\u00a0<strong>Campus Sargento Cabral<\/strong>\u00a0(Av. Sargento Cabral 2001)<\/p>\n\n\n\n<h2 class=\"wp-block-heading\"><strong>VACUNACI\u00d3N COVID-19<\/strong><\/h2>\n\n\n\n<p>Se iniciar\u00e1n, completar\u00e1n y reforzar\u00e1n esquemas.<\/p>\n\n\n\n<h2 class=\"wp-block-heading\"><strong>VACUNACI\u00d3N ANTIGRIPAL<\/strong><\/h2>\n\n\n\n<p><strong>Para personal de salud, embarazadas<\/strong>&nbsp;(cualquier mes de gestaci\u00f3n),&nbsp;<strong>personas entre 2 a 64 a\u00f1os con factores de riesgo<\/strong>&nbsp;(presentar certificaci\u00f3n que avale dicha condici\u00f3n)&nbsp;<strong>y para los mayores de 65 a\u00f1os.<\/strong><\/p>\n\n\n\n<h2 class=\"wp-block-heading\"><strong>VACUNACI\u00d3N EN CAPS<\/strong><\/h2>\n\n\n\n<p>Se iniciar\u00e1n, completar\u00e1n y reforzar\u00e1n esquemas a quienes cumplen con el intervalo de 4 meses desde la \u00faltima dosis recibida.<\/p>\n\n\n\n<h3 class=\"wp-block-heading\"><strong>De lunes a viernes de 8 a 12 y de 14 a 18.<\/strong><\/h3>\n\n\n\n<ul class=\"wp-block-list\"><li><strong>CAPS N\u00b0 1- San Jos\u00e9<\/strong><\/li><li><strong>CAPS N\u00ba 5- Dr. Monta\u00f1a<\/strong><\/li><li><strong>CAPS N\u00b0 9-&nbsp; 17 de Agosto<\/strong><\/li><li><strong>CAPS N\u00ba 10- Molina Punta<\/strong><\/li><li><strong>CAPS N\u00b0 14- Juan de Vera<\/strong><\/li><\/ul>\n\n\n\n<p>Se recuerda concurrir con DNI y carnet de vacunaci\u00f3n, en el caso de los menores acompa\u00f1ados por un adulto.<\/p>\n\n\n\n<p>En el interior estas campa\u00f1as se llevan adelante en forma articulada con los hospitales locales.<\/p>\n\n\n\n<figure class=\"wp-block-embed is-type-rich is-provider-twitter wp-block-embed-twitter\"><div class=\"wp-block-embed__wrapper\">\n<blockquote class=\"twitter-tweet\" data-width=\"550\" data-dnt=\"true\"><p lang=\"es\" dir=\"ltr\">Cronograma de las vacunas contra el Covid-19 y Gripe<br>Vacunados estamos mejor \ud83d\udc9a <a href=\"https:\/\/t.co\/gbeuSTh3pi\">pic.twitter.com\/gbeuSTh3pi<\/a><\/p>&mdash; Ministerio de Salud P\u00fablica (@saludcorrientes) <a href=\"https:\/\/twitter.com\/saludcorrientes\/status\/1614949762456756224?ref_src=twsrc%5Etfw\">January 16, 2023<\/a><\/blockquote><script async src=\"https:\/\/platform.twitter.com\/widgets.js\" charset=\"utf-8\"><\/script>\n<\/div><\/figure>\n","protected":false},"excerpt":{"rendered":"<p>El Ministerio de Salud P\u00fablica contin\u00faa con las Campa\u00f1as contra el COVID-19 y Antigripal para la poblaci\u00f3n que se encuentra dentro del grupo de riesgo. De lunes a viernes de&hellip; <\/p>\n","protected":false},"author":6,"featured_media":34835,"comment_status":"closed","ping_status":"open","sticky":false,"template":"","format":"standard","meta":{"footnotes":""},"categories":[1],"tags":[],"class_list":["post-34834","post","type-post","status-publish","format-standard","has-post-thumbnail","hentry","category-informacion-general"],"_links":{"self":[{"href":"https:\/\/corrientesdetarde.com\/index.php\/wp-json\/wp\/v2\/posts\/34834","targetHints":{"allow":["GET"]}}],"collection":[{"href":"https:\/\/corrientesdetarde.com\/index.php\/wp-json\/wp\/v2\/posts"}],"about":[{"href":"https:\/\/corrientesdetarde.com\/index.php\/wp-json\/wp\/v2\/types\/post"}],"author":[{"embeddable":true,"href":"https:\/\/corrientesdetarde.com\/index.php\/wp-json\/wp\/v2\/users\/6"}],"replies":[{"embeddable":true,"href":"https:\/\/corrientesdetarde.com\/index.php\/wp-json\/wp\/v2\/comments?post=34834"}],"version-history":[{"count":1,"href":"https:\/\/corrientesdetarde.com\/index.php\/wp-json\/wp\/v2\/posts\/34834\/revisions"}],"predecessor-version":[{"id":34836,"href":"https:\/\/corrientesdetarde.com\/index.php\/wp-json\/wp\/v2\/posts\/34834\/revisions\/34836"}],"wp:featuredmedia":[{"embeddable":true,"href":"https:\/\/corrientesdetarde.com\/index.php\/wp-json\/wp\/v2\/media\/34835"}],"wp:attachment":[{"href":"https:\/\/corrientesdetarde.com\/index.php\/wp-json\/wp\/v2\/media?parent=34834"}],"wp:term":[{"taxonomy":"category","embeddable":true,"href":"https:\/\/corrientesdetarde.com\/index.php\/wp-json\/wp\/v2\/categories?post=34834"},{"taxonomy":"post_tag","embeddable":true,"href":"https:\/\/corrientesdetarde.com\/index.php\/wp-json\/wp\/v2\/tags?post=34834"}],"curies":[{"name":"wp","href":"https:\/\/api.w.org\/{rel}","templated":true}]}}