{"id":34837,"date":"2023-01-22T20:56:54","date_gmt":"2023-01-22T23:56:54","guid":{"rendered":"https:\/\/corrientesdetarde.com\/?p=34837"},"modified":"2023-01-22T20:56:59","modified_gmt":"2023-01-22T23:56:59","slug":"santa-fe-dos-jovenes-intoxicados-con-cocaina-adulterada","status":"publish","type":"post","link":"https:\/\/corrientesdetarde.com\/index.php\/crimen-y-justicia\/santa-fe-dos-jovenes-intoxicados-con-cocaina-adulterada\/","title":{"rendered":"Santa Fe: dos j\u00f3venes intoxicados con coca\u00edna adulterada."},"content":{"rendered":"\n<h2 class=\"wp-block-heading\">Ambos pacientes se encuentran internados en el Hospital Iturraspe: uno en terapia intensiva y otro en sala general. Seg\u00fan las autoridades locales, la droga fue adulterada con un antiparasitario de uso veterinario.<\/h2>\n\n\n\n<p><strong>Dos j\u00f3venes quedaron internados en la provincia de Santa Fe por una presunta intoxicaci\u00f3n con&nbsp;coca\u00edna adulterada<\/strong>, inform\u00f3 el Ministerio de Salud provincial y emiti\u00f3 un alerta hacia los centros sanitarios del sistema p\u00fablico.<\/p>\n\n\n\n<p>De acuerdo a un reporte interno,\u00a0<strong>los casos fueron detectados el viernes y las autoridades estiman que la droga fue adulterada con\u00a0levamisol, una sustancia que es utilizada como\u00a0antiparasitario de uso veterinario<\/strong>.<\/p>\n\n\n\n<p>Se trata de dos pacientes mayores de edad oriundos de Santa Clara de Buena Vista, que llegaron a la consulta con&nbsp;<strong>cuadros de&nbsp;fiebre alta, asociados a lesiones cut\u00e1neas&nbsp;y en mucosa<\/strong>&nbsp;poco tiempo despu\u00e9s de consumir coca\u00edna.<\/p>\n\n\n\n<p>\u201cEl cuadro cl\u00ednico descrito en los casos de intoxicaci\u00f3n con coca\u00edna adulterada asociada al levamisol, un&nbsp;antiparasitario e inmunoestimulante utilizado en animales, es s\u00edndrome febril agudo, mialgias, que puede asociarse a lesiones cut\u00e1neas purp\u00faricas o necr\u00f3ticas, que suelen comprometer los pabellones auriculares\u201d, explic\u00f3 la cartera sanitaria.<\/p>\n\n\n\n<p><strong>Ambos pacientes se encuentran internados en el Hospital Iturraspe:&nbsp;uno en terapia intensiva y otro en sala general.<\/strong><\/p>\n\n\n\n<p>El comunicado indic\u00f3 que \u201cotros sitios com\u00fanmente afectados son las mejillas, la nariz y los miembros\u201d. Por otro lado, se\u00f1alaron que&nbsp;<strong>la detecci\u00f3n de levamisol es compleja debido a que&nbsp;permanece en el cuerpo alrededor de cinco horas<\/strong>, con lo cual su detecci\u00f3n no es posible pasado ese lapso de tiempo.<\/p>\n\n\n\n<figure class=\"wp-block-image\"><a href=\"https:\/\/www.radiosudamericana.com\/notix\/multimedia\/imagenes\/fotos\/2023-01-22\/654051.jpg\"><img decoding=\"async\" src=\"https:\/\/www.radiosudamericana.com\/notix\/multimedia\/imagenes\/fotos\/2023-01-22\/654051.jpg_nota.jpg\" alt=\"\"\/><\/a><\/figure>\n\n\n\n<p><strong>Esa sustancia provoca un cuadro de&nbsp;neutropenia, cuyo grado es variable y el paciente suele recuperarse espont\u00e1neamente, aunque tambi\u00e9n puede durar varios d\u00edas.<\/strong>&nbsp;En esos casos, se recomienda tratamiento a base de antibi\u00f3ticos de amplio espectro.<\/p>\n\n\n\n<p>Las autoridades sanitarias consideraron que \u201ces fundamental el manejo de la adicci\u00f3n, ya que las reca\u00eddas vinculadas con la&nbsp;reexposici\u00f3n a la droga son frecuentes\u201d. Adem\u00e1s, sugirieron la realizaci\u00f3n de un&nbsp;hemograma&nbsp;en pacientes que consumen coca\u00edna y presenten signos de infecci\u00f3n.<\/p>\n\n\n\n<p>La cartera sanitaria recomend\u00f3 interrogar a los pacientes sobre el consumo de estupefacientes ante reportes de cuadro febril y\/o dermatol\u00f3gico compatible.<\/p>\n\n\n\n<p>No es la primera vez que ocurre un caso de intoxicaci\u00f3n por coca\u00edna adulterada.&nbsp;<strong>En&nbsp;febrero de 2022,&nbsp;24 personas murieron&nbsp;en el conurbano bonaerense luego de consumir droga envenenada<\/strong>.<\/p>\n\n\n\n<p>En aquel entonces se registraron escenas dram\u00e1ticas en las guardias de los hospitales de San Mart\u00edn, Tres de Febrero, Tigre, General Rodr\u00edguez, Moreno, Mor\u00f3n, Ituzaing\u00f3, Hurlingham, San Isidro y Vicente L\u00f3pez, donde los intoxicados fueron ingresados por familiares y amigos luego de ingerir la sustancia adulterada.<\/p>\n\n\n\n<p>Fuente: TN.<\/p>\n","protected":false},"excerpt":{"rendered":"<p>Ambos pacientes se encuentran internados en el Hospital Iturraspe: uno en terapia intensiva y otro en sala general. Seg\u00fan las autoridades locales, la droga fue adulterada con un antiparasitario de&hellip; <\/p>\n","protected":false},"author":6,"featured_media":34838,"comment_status":"closed","ping_status":"open","sticky":false,"template":"","format":"standard","meta":{"footnotes":""},"categories":[5],"tags":[],"class_list":["post-34837","post","type-post","status-publish","format-standard","has-post-thumbnail","hentry","category-crimen-y-justicia"],"_links":{"self":[{"href":"https:\/\/corrientesdetarde.com\/index.php\/wp-json\/wp\/v2\/posts\/34837","targetHints":{"allow":["GET"]}}],"collection":[{"href":"https:\/\/corrientesdetarde.com\/index.php\/wp-json\/wp\/v2\/posts"}],"about":[{"href":"https:\/\/corrientesdetarde.com\/index.php\/wp-json\/wp\/v2\/types\/post"}],"author":[{"embeddable":true,"href":"https:\/\/corrientesdetarde.com\/index.php\/wp-json\/wp\/v2\/users\/6"}],"replies":[{"embeddable":true,"href":"https:\/\/corrientesdetarde.com\/index.php\/wp-json\/wp\/v2\/comments?post=34837"}],"version-history":[{"count":1,"href":"https:\/\/corrientesdetarde.com\/index.php\/wp-json\/wp\/v2\/posts\/34837\/revisions"}],"predecessor-version":[{"id":34839,"href":"https:\/\/corrientesdetarde.com\/index.php\/wp-json\/wp\/v2\/posts\/34837\/revisions\/34839"}],"wp:featuredmedia":[{"embeddable":true,"href":"https:\/\/corrientesdetarde.com\/index.php\/wp-json\/wp\/v2\/media\/34838"}],"wp:attachment":[{"href":"https:\/\/corrientesdetarde.com\/index.php\/wp-json\/wp\/v2\/media?parent=34837"}],"wp:term":[{"taxonomy":"category","embeddable":true,"href":"https:\/\/corrientesdetarde.com\/index.php\/wp-json\/wp\/v2\/categories?post=34837"},{"taxonomy":"post_tag","embeddable":true,"href":"https:\/\/corrientesdetarde.com\/index.php\/wp-json\/wp\/v2\/tags?post=34837"}],"curies":[{"name":"wp","href":"https:\/\/api.w.org\/{rel}","templated":true}]}}