{"id":34844,"date":"2023-01-22T21:09:10","date_gmt":"2023-01-23T00:09:10","guid":{"rendered":"https:\/\/corrientesdetarde.com\/?p=34844"},"modified":"2023-01-22T21:09:14","modified_gmt":"2023-01-23T00:09:14","slug":"aseguran-que-gerard-pique-le-es-infiel-a-clara-chia-con-una-abogada","status":"publish","type":"post","link":"https:\/\/corrientesdetarde.com\/index.php\/espectaculos\/aseguran-que-gerard-pique-le-es-infiel-a-clara-chia-con-una-abogada\/","title":{"rendered":"Aseguran que Gerard Piqu\u00e9 le es infiel a Clara Ch\u00eda con una abogada."},"content":{"rendered":"\n<h2 class=\"wp-block-heading\">Luego de las repercusiones que provoc\u00f3 la canci\u00f3n de Shakira contra el ex defensor, se suma otro cap\u00edtulo a la novela con una supuesta tercera en discordia.<\/h2>\n\n\n\n<p>Un nuevo esc\u00e1ndalo golpea la puerta de\u00a0<strong>Gerard Piqu\u00e9<\/strong>. Y es que luego del sacud\u00f3n que gener\u00f3 la exitosa canci\u00f3n que le dedic\u00f3 su ex pareja,\u00a0<strong>Shakira<\/strong>, la relaci\u00f3n entre el ex futbolista del Barcelona y su novia\u00a0<strong>Clara Ch\u00eda Mart\u00ed\u00a0<\/strong>estar\u00eda en crisis debido a una supuesta amante que apareci\u00f3 en escena en las \u00faltimas horas.<\/p>\n\n\n\n<p>El tri\u00e1ngulo amoroso fue develado por el periodista espa\u00f1ol\u00a0<strong>Jordi Mart\u00edn<\/strong>, quien divulg\u00f3 el perfil de\u00a0<em>Instagram\u00a0<\/em>de la mujer que habr\u00eda enamorado a Piqu\u00e9.\u00a0<strong>\u201c\u00bfLa conoc\u00e9s, Gerard? Luego que no te extra\u00f1e que Shakira te tire el mundo entero encima tuyo\u201d<\/strong>, desaf\u00edo el\u00a0<em>papparazzi<\/em>\u00a0que sigui\u00f3 de cerca la historia de amor entre la artista colombiana y el defensor catal\u00e1n. Lo cierto es que ni bien la noticia comenz\u00f3 a circular por los medios, la joven decidi\u00f3 pasar a modo privado su cuenta en la red social.<\/p>\n\n\n\n<p><img loading=\"lazy\" decoding=\"async\" alt=\"Julia Puig Gali, la supuesta amante de Gerard Piqu\u00e9 (Instagram)\" height=\"1426\" width=\"1920\" class=\"\" src=\"https:\/\/cloudfront-us-east-1.images.arcpublishing.com\/infobae\/A2677BJMJ5EXLMOUDFWFS7KAXI.jpg\" srcset=\"https:\/\/www.infobae.com\/new-resizer\/h0d_WVOhLS3CrR8_GTiYsdJsWgM=\/420x315\/filters:format(webp):quality(85)\/cloudfront-us-east-1.images.arcpublishing.com\/infobae\/A2677BJMJ5EXLMOUDFWFS7KAXI.jpg 420w,https:\/\/www.infobae.com\/new-resizer\/eHWcQpbUfLfNWiTWeRmJXJeITjQ=\/768x576\/filters:format(webp):quality(85)\/cloudfront-us-east-1.images.arcpublishing.com\/infobae\/A2677BJMJ5EXLMOUDFWFS7KAXI.jpg 768w,https:\/\/www.infobae.com\/new-resizer\/cMvFTP0Df4wGVxXGGsmmqP1ZAEs=\/992x744\/filters:format(webp):quality(85)\/cloudfront-us-east-1.images.arcpublishing.com\/infobae\/A2677BJMJ5EXLMOUDFWFS7KAXI.jpg 992w,https:\/\/www.infobae.com\/new-resizer\/0dUGYnc1rnfw7LlQ2G34M6mp7po=\/1200x900\/filters:format(webp):quality(85)\/cloudfront-us-east-1.images.arcpublishing.com\/infobae\/A2677BJMJ5EXLMOUDFWFS7KAXI.jpg 1200w,https:\/\/www.infobae.com\/new-resizer\/WjyLJkau-D3oLGmu_Vm9oALQy4Y=\/1440x1080\/filters:format(webp):quality(85)\/cloudfront-us-east-1.images.arcpublishing.com\/infobae\/A2677BJMJ5EXLMOUDFWFS7KAXI.jpg 1440w\">Julia Puig Gali, la supuesta amante de Gerard Piqu\u00e9 (Instagram)<\/p>\n\n\n\n<p>La tercera en discordia que present\u00f3 el periodista espa\u00f1ol se llama&nbsp;<strong>Julia Puig Gali<\/strong>&nbsp;y es una abogada con un m\u00e1ster en derecho penal econ\u00f3mico que habr\u00eda trabajado en el divorcio de Shakira y Piqu\u00e9. Si bien no se precis\u00f3 su edad, tendr\u00eda unos 24 a\u00f1os, uno menos que Clara Ch\u00eda, y es la prima del futbolista&nbsp;<strong>Riqui Puig<\/strong>, ex compa\u00f1ero de Gerard en el Barcelona.<\/p>\n\n\n\n<p>Entre tantas versiones acerca de esta presunta infidelidad hay testimonios que indican que Piqu\u00e9 habr\u00eda conocido a Puig Gali hace dos o tres a\u00f1os y que se los ha visto juntos en un local bailable. \u201cSiempre se iban por separado, pero luego se fueron a una zona aparte. Primero ella y al rato, \u00e9l. Como si quisieran que nadie los viese entrar juntos.&nbsp;<strong>Todos sabemos lo que pas\u00f3 all\u00ed dentro\u201d<\/strong>, relat\u00f3 un testigo an\u00f3nimo al medio&nbsp;<em>Socialit\u00e9.<\/em><\/p>\n\n\n\n<p><img loading=\"lazy\" decoding=\"async\" alt=\"Julia Puig es abogada y a ra\u00edz de los rumores, puso en privado sus cuentas de las redes sociales (Instagram)\" height=\"1165\" width=\"1080\" class=\"\" src=\"https:\/\/cloudfront-us-east-1.images.arcpublishing.com\/infobae\/G44NK5U4UFB4ZLXRCJKJ5EKLDQ.jpg\" srcset=\"https:\/\/www.infobae.com\/new-resizer\/YORCCAamuZ58gtI_iNoAeSUivnQ=\/420x420\/filters:format(webp):quality(85)\/cloudfront-us-east-1.images.arcpublishing.com\/infobae\/G44NK5U4UFB4ZLXRCJKJ5EKLDQ.jpg 420w,https:\/\/www.infobae.com\/new-resizer\/4qELDJSnM7kSSPE7lZkWngdet9c=\/768x768\/filters:format(webp):quality(85)\/cloudfront-us-east-1.images.arcpublishing.com\/infobae\/G44NK5U4UFB4ZLXRCJKJ5EKLDQ.jpg 768w,https:\/\/www.infobae.com\/new-resizer\/WqzjXYPVJf_mQlFrXHNV_flyy4s=\/992x992\/filters:format(webp):quality(85)\/cloudfront-us-east-1.images.arcpublishing.com\/infobae\/G44NK5U4UFB4ZLXRCJKJ5EKLDQ.jpg 992w,https:\/\/www.infobae.com\/new-resizer\/Ar6iiKEJF5p1DiwQd51EfY1PvLQ=\/1200x1200\/filters:format(webp):quality(85)\/cloudfront-us-east-1.images.arcpublishing.com\/infobae\/G44NK5U4UFB4ZLXRCJKJ5EKLDQ.jpg 1200w,https:\/\/www.infobae.com\/new-resizer\/jdt83XHi6_bGmwG4HF7ICzfssFE=\/1440x1440\/filters:format(webp):quality(85)\/cloudfront-us-east-1.images.arcpublishing.com\/infobae\/G44NK5U4UFB4ZLXRCJKJ5EKLDQ.jpg 1440w\">Julia Puig es abogada y a ra\u00edz de los rumores, puso en privado sus cuentas de las redes sociales (Instagram)<\/p>\n\n\n\n<p>Pero los problemas para el campe\u00f3n del mundo con la selecci\u00f3n de Espa\u00f1a en Sud\u00e1frica 2010 no terminar\u00edan en este tr\u00edo amoroso, ya que luego de haber tomado la decisi\u00f3n de despedir a 50 empleados de\u00a0<strong>Kosmos<\/strong>, la compa\u00f1\u00eda de la que es parte, hay un malestar inmenso entre los trabajadores.<\/p>\n\n\n\n<p>\u201c<strong>Piqu\u00e9 despidi\u00f3 a varios de sus trabajadores<\/strong>. Algunos de ellos muy cercanos a \u00e9l,con el que llevaban a\u00f1os trabajando.&nbsp;<strong>No tuvo la valent\u00eda de hacerlo personalmente<\/strong>. Deleg\u00f3 en una persona para que as\u00ed se lo hiciese saber a los que hasta ahora han dado siempre la cara por \u00e9l.&nbsp;<strong>Hay un malestar enorme en Kosmos y ojo porque me aseguran que al sentirse traicionados pueden salir muchos trapos sucios<\/strong>\u201d, escribi\u00f3 Jordi Mart\u00edn en su&nbsp;<em>Instagram<\/em>.<\/p>\n\n\n\n<p><img loading=\"lazy\" decoding=\"async\" alt=\"Julia Puig, la tercera en discordia y supuesta amante de Piqu\u00e9 (Instagram)\" height=\"1116\" width=\"1080\" class=\"\" src=\"https:\/\/cloudfront-us-east-1.images.arcpublishing.com\/infobae\/KIEYFTEK5BATFB2MSEJQJCBC4I.jpg\" srcset=\"https:\/\/www.infobae.com\/new-resizer\/yunT3ccKX83mxTJYFzpO6GEkRzE=\/420x420\/filters:format(webp):quality(85)\/cloudfront-us-east-1.images.arcpublishing.com\/infobae\/KIEYFTEK5BATFB2MSEJQJCBC4I.jpg 420w,https:\/\/www.infobae.com\/new-resizer\/We5PsKE3WaX2nWfSq1lINrNooVs=\/768x768\/filters:format(webp):quality(85)\/cloudfront-us-east-1.images.arcpublishing.com\/infobae\/KIEYFTEK5BATFB2MSEJQJCBC4I.jpg 768w,https:\/\/www.infobae.com\/new-resizer\/zQoIUwZr9KkpPK99ADR_qUx3nv8=\/992x992\/filters:format(webp):quality(85)\/cloudfront-us-east-1.images.arcpublishing.com\/infobae\/KIEYFTEK5BATFB2MSEJQJCBC4I.jpg 992w,https:\/\/www.infobae.com\/new-resizer\/xT4uVSRWawEUHVCs2zGKZIbE5T8=\/1200x1200\/filters:format(webp):quality(85)\/cloudfront-us-east-1.images.arcpublishing.com\/infobae\/KIEYFTEK5BATFB2MSEJQJCBC4I.jpg 1200w,https:\/\/www.infobae.com\/new-resizer\/u_mY923TDbJv5Z8rUHpon6_1BtI=\/1440x1440\/filters:format(webp):quality(85)\/cloudfront-us-east-1.images.arcpublishing.com\/infobae\/KIEYFTEK5BATFB2MSEJQJCBC4I.jpg 1440w\">Julia Puig, la tercera en discordia y supuesta amante de Piqu\u00e9 (Instagram)<\/p>\n\n\n\n<p>En las \u00faltimas horas, medios espa\u00f1oles anunciaron que Gerard Piqu\u00e9 y Clara Ch\u00eda Mart\u00ed estar\u00edan en crisis. Una frase puntual de la canci\u00f3n que Shakira grab\u00f3 con Bizarrap habr\u00eda provocado la discordia en la pareja. El show&nbsp;<em>S\u00e1lvame&nbsp;<\/em>asegur\u00f3 que&nbsp;<strong>el pasaje que abri\u00f3 la preocupaci\u00f3n de Ch\u00eda Mart\u00ed fue \u201cYo contigo ya no regreso ni aunque me llores ni me supliques\u201d<\/strong>.<\/p>\n\n\n\n<p>Aunque la joven se mostr\u00f3 refugiada en la gran mayor\u00eda de los d\u00edas desde el estreno del tema en casa de sus padres, se la vio junto a Piqu\u00e9 dentro de un auto muy atenta a los&nbsp;<em>paparazzis&nbsp;<\/em>y hasta se\u00f1alando desde el interior a los fot\u00f3grafos que iban apareciendo a lo largo del trayecto. Adem\u00e1s, aseguran que Mart\u00ed est\u00e1 intentando mantener su rutina laboral en la productora&nbsp;<em>Kosmos&nbsp;<\/em>que preside su novio y sospechan que los n\u00fameros de la empresa no ser\u00edan los mejores.<\/p>\n\n\n\n<p><img loading=\"lazy\" decoding=\"async\" height=\"547\" width=\"549\" srcset=\"https:\/\/www.infobae.com\/new-resizer\/XaQOpDgR_3mFtTPEiAMXgFOa5Uc=\/420x420\/filters:format(webp):quality(85)\/cloudfront-us-east-1.images.arcpublishing.com\/infobae\/6R4WGJD54BAZJPCLG7FN6ZP4O4.jpg 420w,https:\/\/www.infobae.com\/new-resizer\/P5V72GYyItcrtv5oeGwlA7k7-gI=\/768x768\/filters:format(webp):quality(85)\/cloudfront-us-east-1.images.arcpublishing.com\/infobae\/6R4WGJD54BAZJPCLG7FN6ZP4O4.jpg 768w,https:\/\/www.infobae.com\/new-resizer\/fuRnMwKcjqrE5Lt5nTPgPp02zas=\/992x992\/filters:format(webp):quality(85)\/cloudfront-us-east-1.images.arcpublishing.com\/infobae\/6R4WGJD54BAZJPCLG7FN6ZP4O4.jpg 992w,https:\/\/www.infobae.com\/new-resizer\/2tajOuzNEoVRj512bGTozVZ9YKI=\/1200x1200\/filters:format(webp):quality(85)\/cloudfront-us-east-1.images.arcpublishing.com\/infobae\/6R4WGJD54BAZJPCLG7FN6ZP4O4.jpg 1200w,https:\/\/www.infobae.com\/new-resizer\/IAnOQ5kKVtXzUZqIWrUuuzIFo84=\/1440x1440\/filters:format(webp):quality(85)\/cloudfront-us-east-1.images.arcpublishing.com\/infobae\/6R4WGJD54BAZJPCLG7FN6ZP4O4.jpg 1440w\" class=\"\" src=\"https:\/\/cloudfront-us-east-1.images.arcpublishing.com\/infobae\/6R4WGJD54BAZJPCLG7FN6ZP4O4.jpg\" alt=\"Julia Puig es abogada y prima de Riqui Puig, ex futbolista del Barcelona con presente en el Los \u00c1ngeles Galaxy de la MLS de los Estados Unidos (Instagram)\"><\/p>\n\n\n\n<p>Julia Puig es abogada y prima de Riqui Puig, ex futbolista del Barcelona con presente en el Los \u00c1ngeles Galaxy de la MLS de los Estados Unidos (Instagram)<\/p>\n\n\n\n<p>La respuesta que Gerard fue a trav\u00e9s de las distintas transmisiones de la<em>&nbsp;Kings League&nbsp;<\/em>donde anunci\u00f3 un supuesto patrocinio de Casio, arrib\u00f3 al evento el reciente domingo en un Renault Twingo y brome\u00f3 seleccionando a \u201cla \u00faltima\u201d session de Bizarrap como su favorita. Arropado por el entorno de youtubers y streamers,<strong>&nbsp;la preocupaci\u00f3n de la leyenda del blaugrana crece d\u00eda a d\u00eda<\/strong>. La periodista&nbsp;<em>Mayte Atmella<\/em>&nbsp;se comunic\u00f3 de manera directa con el padre de Clara y este asegur\u00f3 que su hija se encontraba en perfectas condiciones. Adem\u00e1s, asegur\u00f3 que&nbsp;<strong>no escuch\u00f3 la canci\u00f3n protagonizada por Shakira ya que \u201c\u00e9l escucha m\u00fasica cl\u00e1sica, como Bach o Vivaldi y que no le gusta nada ese g\u00e9nero<\/strong>\u201d.<\/p>\n\n\n\n<p>Vale recordar que Gerard se reuni\u00f3 con su equipo de abogados para\u00a0<strong>averiguar si exist\u00eda la oportunidad de abrir una instancia legal\u00a0<\/strong>por la canci\u00f3n que acumul\u00f3 miles de reproducciones en las distintas plataformas. Aunque las referencias del tema van apuntadas hacia Piqu\u00e9 y su pareja<strong>\u00a0Clara Ch\u00eda Mart\u00ed<\/strong>, el problema para el jugador aparece<strong>\u00a0\u201cal no haber referencias expl\u00edcitas a su persona\u201d por lo que \u201cpodr\u00eda salir perdiendo en un hipot\u00e9tico juicio\u201d<\/strong>.<\/p>\n\n\n\n<p><\/p>\n\n\n\n<p>Fuente: Infobae.<\/p>\n","protected":false},"excerpt":{"rendered":"<p>Luego de las repercusiones que provoc\u00f3 la canci\u00f3n de Shakira contra el ex defensor, se suma otro cap\u00edtulo a la novela con una supuesta tercera en discordia. Un nuevo esc\u00e1ndalo&hellip; <\/p>\n","protected":false},"author":6,"featured_media":34845,"comment_status":"closed","ping_status":"open","sticky":false,"template":"","format":"standard","meta":{"footnotes":""},"categories":[19],"tags":[],"class_list":["post-34844","post","type-post","status-publish","format-standard","has-post-thumbnail","hentry","category-espectaculos"],"_links":{"self":[{"href":"https:\/\/corrientesdetarde.com\/index.php\/wp-json\/wp\/v2\/posts\/34844","targetHints":{"allow":["GET"]}}],"collection":[{"href":"https:\/\/corrientesdetarde.com\/index.php\/wp-json\/wp\/v2\/posts"}],"about":[{"href":"https:\/\/corrientesdetarde.com\/index.php\/wp-json\/wp\/v2\/types\/post"}],"author":[{"embeddable":true,"href":"https:\/\/corrientesdetarde.com\/index.php\/wp-json\/wp\/v2\/users\/6"}],"replies":[{"embeddable":true,"href":"https:\/\/corrientesdetarde.com\/index.php\/wp-json\/wp\/v2\/comments?post=34844"}],"version-history":[{"count":1,"href":"https:\/\/corrientesdetarde.com\/index.php\/wp-json\/wp\/v2\/posts\/34844\/revisions"}],"predecessor-version":[{"id":34846,"href":"https:\/\/corrientesdetarde.com\/index.php\/wp-json\/wp\/v2\/posts\/34844\/revisions\/34846"}],"wp:featuredmedia":[{"embeddable":true,"href":"https:\/\/corrientesdetarde.com\/index.php\/wp-json\/wp\/v2\/media\/34845"}],"wp:attachment":[{"href":"https:\/\/corrientesdetarde.com\/index.php\/wp-json\/wp\/v2\/media?parent=34844"}],"wp:term":[{"taxonomy":"category","embeddable":true,"href":"https:\/\/corrientesdetarde.com\/index.php\/wp-json\/wp\/v2\/categories?post=34844"},{"taxonomy":"post_tag","embeddable":true,"href":"https:\/\/corrientesdetarde.com\/index.php\/wp-json\/wp\/v2\/tags?post=34844"}],"curies":[{"name":"wp","href":"https:\/\/api.w.org\/{rel}","templated":true}]}}