{"id":34847,"date":"2023-01-22T21:11:22","date_gmt":"2023-01-23T00:11:22","guid":{"rendered":"https:\/\/corrientesdetarde.com\/?p=34847"},"modified":"2023-01-22T21:11:25","modified_gmt":"2023-01-23T00:11:25","slug":"se-hizo-la-primera-cirugia-cardiovascular-en-el-hospital-materno-neonatal","status":"publish","type":"post","link":"https:\/\/corrientesdetarde.com\/index.php\/informacion-general\/se-hizo-la-primera-cirugia-cardiovascular-en-el-hospital-materno-neonatal\/","title":{"rendered":"Se hizo la primera cirug\u00eda cardiovascular en el hospital Materno Neonatal."},"content":{"rendered":"\n<h2 class=\"wp-block-heading\">Se trata de una intervenci\u00f3n realizada en un paciente prematuro, que se concret\u00f3 junto al equipo itinerante de cirug\u00eda cardiovascular pedi\u00e1trica del Instituto de Cardiolog\u00eda de Corrientes.<\/h2>\n\n\n\n<p><strong>Se realiz\u00f3 la primera intervenci\u00f3n cardiovascular en el Hospital Materno Neonatal Elo\u00edsa Torrent de Vidal de Corrientes.&nbsp;<\/strong><\/p>\n\n\n\n<p>El ministro de Salud P\u00fablica de la Provincia, Ricardo Cardozo dijo: &#8220;Recordemos que la construcci\u00f3n e instalaci\u00f3n del quir\u00f3fano neonatal fue una lucha de hace mucho tiempo por parte del Ministerio que se pudo concretar. Este sector ha adquirido un desarrollo tan importante desde el punto de vista t\u00e9cnico que hoy podemos anunciar la primera cirug\u00eda card\u00edaca pedi\u00e1trica, apoyados por el equipo del Instituto de Cardiolog\u00eda&#8221;.<\/p>\n\n\n\n<p>&#8220;<strong><em>Es muy probable que el quir\u00f3fano se transforme en el centro referente de cardiopat\u00edas cong\u00e9nita, que lo gestiona hoy el Instituto de Cardiolog\u00eda<\/em><\/strong>&#8220;, remarc\u00f3.<\/p>\n\n\n\n<p>Por su parte, la directora del hospital Materno Neonatal, Lilian M\u00e9ndez Gallino, detall\u00f3 que &#8220;<strong><em>este tipo de intervenciones se llevan a cabo en pacientes prematuros, que, por su misma condici\u00f3n, no han podido hacer la cicatriz del conducto que comunica la arteria pulmonar con la arteria aorta. El paciente cumple su postoperatorio con buena evoluci\u00f3n<\/em><\/strong>&#8220;.<\/p>\n\n\n\n<p>Remarc\u00f3: &#8220;<strong><em>El hecho de que se haya podido hacer esta intervenci\u00f3n con todas las condiciones adecuadas para la misma, es un gran avance para la provincia. Desde que se inaugur\u00f3 el quir\u00f3fano aument\u00f3 el n\u00famero de cirug\u00edas neonatales un cincuenta por ciento, y ya se hicieron m\u00e1s de cien en el \u00faltimo tiempo<\/em><\/strong>&#8220;.<\/p>\n\n\n\n<p><strong>El bloque quir\u00fargico comprende una superficie aproximada de 550 m2 con dos quir\u00f3fanos de obstetricia y uno neonatal, \u00e1rea de admisi\u00f3n, dos consultorios, sala de dilataci\u00f3n con cinco boxes, sala de recuperaci\u00f3n con 5 puestos, dos salas de parto, dos vestuarios con ba\u00f1os, sala de recepci\u00f3n de reci\u00e9n nacido y farmacia<\/strong>.<\/p>\n\n\n\n<p>Dispone tambi\u00e9n de\u00a0<strong>una Unidad de Terapia Intensiva Obst\u00e9trica<\/strong>, la cual consta de una sala con tres camas con aire comprimido, ox\u00edgeno y aspiraci\u00f3n, \u00e1rea de enfermer\u00eda, sala de m\u00e9dicos y ba\u00f1o con vestuario.<\/p>\n\n\n\n<p><\/p>\n\n\n\n<p>Fuente: Radio Sudamericana.<\/p>\n","protected":false},"excerpt":{"rendered":"<p>Se trata de una intervenci\u00f3n realizada en un paciente prematuro, que se concret\u00f3 junto al equipo itinerante de cirug\u00eda cardiovascular pedi\u00e1trica del Instituto de Cardiolog\u00eda de Corrientes. Se realiz\u00f3 la&hellip; <\/p>\n","protected":false},"author":6,"featured_media":34848,"comment_status":"closed","ping_status":"open","sticky":false,"template":"","format":"standard","meta":{"footnotes":""},"categories":[1],"tags":[],"class_list":["post-34847","post","type-post","status-publish","format-standard","has-post-thumbnail","hentry","category-informacion-general"],"_links":{"self":[{"href":"https:\/\/corrientesdetarde.com\/index.php\/wp-json\/wp\/v2\/posts\/34847","targetHints":{"allow":["GET"]}}],"collection":[{"href":"https:\/\/corrientesdetarde.com\/index.php\/wp-json\/wp\/v2\/posts"}],"about":[{"href":"https:\/\/corrientesdetarde.com\/index.php\/wp-json\/wp\/v2\/types\/post"}],"author":[{"embeddable":true,"href":"https:\/\/corrientesdetarde.com\/index.php\/wp-json\/wp\/v2\/users\/6"}],"replies":[{"embeddable":true,"href":"https:\/\/corrientesdetarde.com\/index.php\/wp-json\/wp\/v2\/comments?post=34847"}],"version-history":[{"count":1,"href":"https:\/\/corrientesdetarde.com\/index.php\/wp-json\/wp\/v2\/posts\/34847\/revisions"}],"predecessor-version":[{"id":34849,"href":"https:\/\/corrientesdetarde.com\/index.php\/wp-json\/wp\/v2\/posts\/34847\/revisions\/34849"}],"wp:featuredmedia":[{"embeddable":true,"href":"https:\/\/corrientesdetarde.com\/index.php\/wp-json\/wp\/v2\/media\/34848"}],"wp:attachment":[{"href":"https:\/\/corrientesdetarde.com\/index.php\/wp-json\/wp\/v2\/media?parent=34847"}],"wp:term":[{"taxonomy":"category","embeddable":true,"href":"https:\/\/corrientesdetarde.com\/index.php\/wp-json\/wp\/v2\/categories?post=34847"},{"taxonomy":"post_tag","embeddable":true,"href":"https:\/\/corrientesdetarde.com\/index.php\/wp-json\/wp\/v2\/tags?post=34847"}],"curies":[{"name":"wp","href":"https:\/\/api.w.org\/{rel}","templated":true}]}}