{"id":34850,"date":"2023-01-22T21:16:30","date_gmt":"2023-01-23T00:16:30","guid":{"rendered":"https:\/\/corrientesdetarde.com\/?p=34850"},"modified":"2023-01-22T21:16:32","modified_gmt":"2023-01-23T00:16:32","slug":"mendoza-una-mujer-viajaba-con-su-familia-y-murio-tras-chocar-contra-un-arbol","status":"publish","type":"post","link":"https:\/\/corrientesdetarde.com\/index.php\/crimen-y-justicia\/mendoza-una-mujer-viajaba-con-su-familia-y-murio-tras-chocar-contra-un-arbol\/","title":{"rendered":"Mendoza: una mujer viajaba con su familia y muri\u00f3 tras chocar contra un \u00e1rbol."},"content":{"rendered":"\n<h2 class=\"wp-block-heading\">La v\u00edctima ten\u00eda 35 a\u00f1os. Los tres acompa\u00f1antes se encuentran fuera de peligro. Todav\u00eda se est\u00e1n investigando las causas del siniestro.<\/h2>\n\n\n\n<p>Una mujer de 35 a\u00f1os que viajaba con su familia en una camioneta\u00a0<strong>muri\u00f3 luego de chocar contra un \u00e1rbol<\/strong>\u00a0en la localidad de Tupungato, <strong>Mendoza<\/strong>.<\/p>\n\n\n\n<p>De acuerdo a lo que detall\u00f3 el Ministerio de Seguridad, el siniestro vial ocurri\u00f3 a las 8:50 sobre la<strong>\u00a0ruta 86\u00a0<\/strong>cuando la v\u00edctima, identificada como Hilda Soca\u00f1o, manejaba una Ford Ranger.<\/p>\n\n\n\n<p>Por razones que se tratan de establecer,&nbsp;<strong>perdi\u00f3 el control&nbsp;<\/strong>al llegar a la calle La Gloria y colision\u00f3 contra un \u00e1rbol que se encontraba sobre la banquina.<\/p>\n\n\n\n<figure class=\"wp-block-image\"><img decoding=\"async\" src=\"https:\/\/tn.com.ar\/resizer\/nulpOKtoL36rd0ED8RLy2rTAnU8=\/767x0\/smart\/filters:format(webp)\/cloudfront-us-east-1.images.arcpublishing.com\/artear\/XJ4Z4MQI6JDZZC4C7YRZPZSIFE.jpg\" alt=\"El tr\u00e1gico accidente sucedi\u00f3 en la ruta 86. (Foto: gentileza El Cuco Digital)\"\/><figcaption>El tr\u00e1gico accidente sucedi\u00f3 en la ruta 86. (Foto: gentileza El Cuco Digital)<\/figcaption><\/figure>\n\n\n\n<p>El personal m\u00e9dico del SEC fue hasta la zona del accidente y confirm\u00f3 el fallecimiento de la conductora. Por su parte, los acompa\u00f1antes fueron trasladados al Hospital General Las Heras.<\/p>\n\n\n\n<p>La conductora viajaba junto a su pareja y sus dos hijas, de 9 y 7 a\u00f1os. Ninguno de ellos sufri\u00f3 heridas de consideraci\u00f3n y&nbsp;<strong>se encuentran fuera de peligro.<\/strong><\/p>\n\n\n\n<p>En el lugar trabaj\u00f3 personal de la comisar\u00eda 20, Coordinaci\u00f3n Vial, personal de Tr\u00e1nsito Municipal Tupungato y Polic\u00eda Cient\u00edfica.<\/p>\n\n\n\n<h2 class=\"wp-block-heading\">Otro accidente fatal en Mendoza<\/h2>\n\n\n\n<p>Cinco personas murieron tras un\u00a0<strong>choque frontal entre dos autos<\/strong>. El accidente ocurri\u00f3 en una ruta del departamento mendocino de Lavalle, al norte de la capital provincial.<\/p>\n\n\n\n<p>El siniestro ocurri\u00f3 cuando un Chevrolet Aveo y un Fiat Palio circulaban por la ruta provincial 24 y&nbsp;<strong>colisionaron de frente&nbsp;<\/strong>llegando a la villa cabecera del distrito mendocino.<\/p>\n\n\n\n<p>El conductor que circulaba en el Chevrolet por esa ruta hacia el sur realizaba&nbsp;<strong>\u201caparentemente maniobras de conducci\u00f3n peligrosa, zigzagueando\u201d<\/strong>, impact\u00f3 contra el Fiat que iba en sentido contrario, seg\u00fan indicaron fuentes del caso.<\/p>\n\n\n\n<p>Tras el choque, fallecieron cinco personas que ten\u00edan entre 20 y 40 a\u00f1os. Fueron el conductor del Chevrolet, identificado como Lisandro Daniel Sarmiento Villegas (20), y&nbsp;<strong>cuatro personas que iban en el otro rodado<\/strong>.<\/p>\n\n\n\n<p><\/p>\n\n\n\n<p>Fuente: TN.<\/p>\n","protected":false},"excerpt":{"rendered":"<p>La v\u00edctima ten\u00eda 35 a\u00f1os. Los tres acompa\u00f1antes se encuentran fuera de peligro. Todav\u00eda se est\u00e1n investigando las causas del siniestro. Una mujer de 35 a\u00f1os que viajaba con su&hellip; <\/p>\n","protected":false},"author":6,"featured_media":34851,"comment_status":"closed","ping_status":"open","sticky":false,"template":"","format":"standard","meta":{"footnotes":""},"categories":[5],"tags":[],"class_list":["post-34850","post","type-post","status-publish","format-standard","has-post-thumbnail","hentry","category-crimen-y-justicia"],"_links":{"self":[{"href":"https:\/\/corrientesdetarde.com\/index.php\/wp-json\/wp\/v2\/posts\/34850","targetHints":{"allow":["GET"]}}],"collection":[{"href":"https:\/\/corrientesdetarde.com\/index.php\/wp-json\/wp\/v2\/posts"}],"about":[{"href":"https:\/\/corrientesdetarde.com\/index.php\/wp-json\/wp\/v2\/types\/post"}],"author":[{"embeddable":true,"href":"https:\/\/corrientesdetarde.com\/index.php\/wp-json\/wp\/v2\/users\/6"}],"replies":[{"embeddable":true,"href":"https:\/\/corrientesdetarde.com\/index.php\/wp-json\/wp\/v2\/comments?post=34850"}],"version-history":[{"count":1,"href":"https:\/\/corrientesdetarde.com\/index.php\/wp-json\/wp\/v2\/posts\/34850\/revisions"}],"predecessor-version":[{"id":34852,"href":"https:\/\/corrientesdetarde.com\/index.php\/wp-json\/wp\/v2\/posts\/34850\/revisions\/34852"}],"wp:featuredmedia":[{"embeddable":true,"href":"https:\/\/corrientesdetarde.com\/index.php\/wp-json\/wp\/v2\/media\/34851"}],"wp:attachment":[{"href":"https:\/\/corrientesdetarde.com\/index.php\/wp-json\/wp\/v2\/media?parent=34850"}],"wp:term":[{"taxonomy":"category","embeddable":true,"href":"https:\/\/corrientesdetarde.com\/index.php\/wp-json\/wp\/v2\/categories?post=34850"},{"taxonomy":"post_tag","embeddable":true,"href":"https:\/\/corrientesdetarde.com\/index.php\/wp-json\/wp\/v2\/tags?post=34850"}],"curies":[{"name":"wp","href":"https:\/\/api.w.org\/{rel}","templated":true}]}}