{"id":34853,"date":"2023-01-22T21:20:02","date_gmt":"2023-01-23T00:20:02","guid":{"rendered":"https:\/\/corrientesdetarde.com\/?p=34853"},"modified":"2023-01-22T21:20:06","modified_gmt":"2023-01-23T00:20:06","slug":"horror-en-rio-cuarto-un-hombre-fue-asesinado-a-escopetazos-por-dos-personas-que-lo-persiguieron-en-moto","status":"publish","type":"post","link":"https:\/\/corrientesdetarde.com\/index.php\/crimen-y-justicia\/horror-en-rio-cuarto-un-hombre-fue-asesinado-a-escopetazos-por-dos-personas-que-lo-persiguieron-en-moto\/","title":{"rendered":"Horror en R\u00edo Cuarto: un hombre fue asesinado a escopetazos por dos personas que lo persiguieron en moto."},"content":{"rendered":"\n<h2 class=\"wp-block-heading\">La v\u00edctima, Dar\u00edo Javier Tolosa, ten\u00eda 42 a\u00f1os. Hay un detenido. Es el segundo homicidio en menos de 48 horas y el tercero en lo que va del a\u00f1o en esa ciudad cordobesa.<\/h2>\n\n\n\n<p>Un hombre de 42 a\u00f1os fue<strong>\u00a0asesinado a escopetazos\u00a0<\/strong>luego de ser perseguido por dos personas que iban en una moto. Es el segundo homicidio en la ciudad cordobesa de\u00a0<strong>R\u00edo Cuarto<\/strong>\u00a0en menos de 48 horas.<\/p>\n\n\n\n<p>El crimen ocurri\u00f3 este s\u00e1bado alrededor de las 15, en calle Luis Pasteur al 800, en el\u00a0<strong>barrio de Alberdi<\/strong>. De acuerdo a lo que informaron fuentes policiales, los atacantes iban arriba de una moto de 110 cc de cilindrada.<\/p>\n\n\n\n<p>\u201cHab\u00edan ruidos de disparos y sal\u00ed a la calle para ver qu\u00e9 pasaba. Ah\u00ed vi a dos tipos arriba de una moto que le disparaban a otro que iba corriendo por el medio de la calle. Cuando lo alcanzaron,<strong>&nbsp;le dispararon a matar<\/strong>, le dieron en el pecho\u201d, le cont\u00f3 un vecino del lugar al portal<em>&nbsp;LV16<\/em>.<\/p>\n\n\n\n<figure class=\"wp-block-image\"><img decoding=\"async\" src=\"https:\/\/tn.com.ar\/resizer\/cxa7erepMgE-thFHvvzWIlFKzAo=\/767x0\/smart\/filters:format(webp)\/cloudfront-us-east-1.images.arcpublishing.com\/artear\/V2LSYYYHENBZRJ4NX5H2GGCNIU.jpg\" alt=\"La zona donde ocurri\u00f3 el crimen. (Foto: gentileza El Doce TV)\"\/><figcaption>La zona donde ocurri\u00f3 el crimen. (Foto: gentileza El Doce TV)<\/figcaption><\/figure>\n\n\n\n<p>La v\u00edctima, identificada como Dar\u00edo Javier Tolosa, recibi\u00f3 un<strong>&nbsp;balazo en el t\u00f3rax&nbsp;<\/strong>y muri\u00f3 pocos minutos despu\u00e9s en la v\u00eda p\u00fablica. Tras el hecho, la ambulancia del servicio m\u00e9dico local lleg\u00f3 a la zona y confirm\u00f3 el fallecimiento del hombre.<\/p>\n\n\n\n<p>Los dos agresores pudieron escapar. Sin embargo, en las \u00faltimas horas la Polic\u00eda de C\u00f3rdoba<strong>&nbsp;detuvo a uno de los sospechosos<\/strong>, de 19 a\u00f1os.<\/p>\n\n\n\n<h2 class=\"wp-block-heading\">R\u00edo Cuarto: el segundo homicidio en menos de 48 horas y el tercero del a\u00f1o<\/h2>\n\n\n\n<p>El viernes a la madrugada, Juan Pablo Funes, de 53 a\u00f1os, muri\u00f3 tras recibirun<strong>&nbsp;disparo en la nuca<\/strong>. El homicidio sucedi\u00f3 en avenida Argentina al 200, a pocos metros de la Costanera Norte, tambi\u00e9n en la ciudad de R\u00edo Cuarto.<\/p>\n\n\n\n<p>Seg\u00fan&nbsp;<em>El Doce TV<\/em>, lo balearon desde una moto en la que circulaban dos hombres. Uno de los sospechosos, de 28 a\u00f1os,&nbsp;<strong>fue detenido&nbsp;<\/strong>este s\u00e1bado durante un allanamiento.<\/p>\n\n\n\n<p>Los agresores manten\u00edan diferencias con un sobrino de la v\u00edctima, de acuerdo a lo que trascendi\u00f3. En medio de una discusi\u00f3n, Funes habr\u00eda intervenido para&nbsp;<strong>frenar el conflicto&nbsp;<\/strong>y cuando se dio vuelta le pegaron un tiro.<\/p>\n\n\n\n<p>El 8 de enero se hab\u00eda producido el primero de los cr\u00edmenes en esa ciudad cordobesa. Roc\u00edo Anah\u00ed Lezcano, de 30 a\u00f1os, fue\u00a0<strong>asesinada de un balazo<\/strong>. Por el crimen, la polic\u00eda local detuvo a su pareja, Axel Magallanes.<\/p>\n\n\n\n<p><\/p>\n\n\n\n<p>Fuente: TN.<\/p>\n","protected":false},"excerpt":{"rendered":"<p>La v\u00edctima, Dar\u00edo Javier Tolosa, ten\u00eda 42 a\u00f1os. Hay un detenido. Es el segundo homicidio en menos de 48 horas y el tercero en lo que va del a\u00f1o en&hellip; <\/p>\n","protected":false},"author":6,"featured_media":34854,"comment_status":"closed","ping_status":"open","sticky":false,"template":"","format":"standard","meta":{"footnotes":""},"categories":[5],"tags":[],"class_list":["post-34853","post","type-post","status-publish","format-standard","has-post-thumbnail","hentry","category-crimen-y-justicia"],"_links":{"self":[{"href":"https:\/\/corrientesdetarde.com\/index.php\/wp-json\/wp\/v2\/posts\/34853","targetHints":{"allow":["GET"]}}],"collection":[{"href":"https:\/\/corrientesdetarde.com\/index.php\/wp-json\/wp\/v2\/posts"}],"about":[{"href":"https:\/\/corrientesdetarde.com\/index.php\/wp-json\/wp\/v2\/types\/post"}],"author":[{"embeddable":true,"href":"https:\/\/corrientesdetarde.com\/index.php\/wp-json\/wp\/v2\/users\/6"}],"replies":[{"embeddable":true,"href":"https:\/\/corrientesdetarde.com\/index.php\/wp-json\/wp\/v2\/comments?post=34853"}],"version-history":[{"count":1,"href":"https:\/\/corrientesdetarde.com\/index.php\/wp-json\/wp\/v2\/posts\/34853\/revisions"}],"predecessor-version":[{"id":34855,"href":"https:\/\/corrientesdetarde.com\/index.php\/wp-json\/wp\/v2\/posts\/34853\/revisions\/34855"}],"wp:featuredmedia":[{"embeddable":true,"href":"https:\/\/corrientesdetarde.com\/index.php\/wp-json\/wp\/v2\/media\/34854"}],"wp:attachment":[{"href":"https:\/\/corrientesdetarde.com\/index.php\/wp-json\/wp\/v2\/media?parent=34853"}],"wp:term":[{"taxonomy":"category","embeddable":true,"href":"https:\/\/corrientesdetarde.com\/index.php\/wp-json\/wp\/v2\/categories?post=34853"},{"taxonomy":"post_tag","embeddable":true,"href":"https:\/\/corrientesdetarde.com\/index.php\/wp-json\/wp\/v2\/tags?post=34853"}],"curies":[{"name":"wp","href":"https:\/\/api.w.org\/{rel}","templated":true}]}}