{"id":34856,"date":"2023-01-22T21:29:37","date_gmt":"2023-01-23T00:29:37","guid":{"rendered":"https:\/\/corrientesdetarde.com\/?p=34856"},"modified":"2023-01-22T21:29:42","modified_gmt":"2023-01-23T00:29:42","slug":"los-efectos-de-la-sequia-miles-de-peces-aparecieron-muertos-en-una-costa-de-santa-fe","status":"publish","type":"post","link":"https:\/\/corrientesdetarde.com\/index.php\/medio-ambiente\/los-efectos-de-la-sequia-miles-de-peces-aparecieron-muertos-en-una-costa-de-santa-fe\/","title":{"rendered":"Los efectos de la sequ\u00eda: miles de peces aparecieron muertos en una costa de Santa Fe."},"content":{"rendered":"\n<h2 class=\"wp-block-heading\">Un usuario grab\u00f3 con su celular los restos de los card\u00famenes a orillas de la Laguna del Plata en la localidad de Vera y Pintado.<\/h2>\n\n\n\n<p>Las importantes&nbsp;<strong>sequ\u00edas&nbsp;<\/strong>que se vienen registrando desde hace semanas en distintas regiones del pa\u00eds contin\u00faan generando diferentes estragos, como la muerte de miles de<strong>&nbsp;peces<\/strong>&nbsp;que aparecieron en la costa de la&nbsp;<strong>Laguna del Plata<\/strong>, en la localidad de Vera y Pintado, provincia de&nbsp;<strong>Santa Fe<\/strong>.<\/p>\n\n\n\n<p>El hecho fue compartido por un usuario de Twitter que grab\u00f3 con su celular los restos de los\u00a0<strong>card\u00famenes amontonados\u00a0<\/strong>sobre la tierra, a un costado del agua, pero tambi\u00e9n flotando ya sin vida sobre la laguna. El video r\u00e1pidamente se viraliz\u00f3 por las redes sociales.<\/p>\n\n\n\n<p>De acuerdo con lo que trascendi\u00f3, estos peces habr\u00edan muerto como consecuencia del descenso del nivel de ox\u00edgeno en su h\u00e1bitat natural, debido a las condiciones clim\u00e1ticas imperantes en la zona.<\/p>\n\n\n\n<p>\u201cEl \u00fanico problema es la inclemencia del tiempo,<strong>&nbsp;el agua se evapora y se calienta<\/strong>&nbsp;por las altas temperaturas. Hace dos d\u00edas tuvimos 43\u00b0 grados y el agua pr\u00e1cticamente hirvi\u00f3\u201d, explic\u00f3 al portal<em>&nbsp;Aire Digital<\/em>&nbsp;el due\u00f1o de un camping ubicado en esta localidad.<\/p>\n\n\n\n<p><img loading=\"lazy\" decoding=\"async\" alt=\"Se sec\u00f3 la Laguna Paiva, en Santa Fe (Fernando Nicola - Diario El Litoral)\" height=\"1080\" width=\"1920\" class=\"\" src=\"https:\/\/cloudfront-us-east-1.images.arcpublishing.com\/infobae\/HUUMSFFH2BHPJOWQAIGROCISUY.jpg\" srcset=\"https:\/\/www.infobae.com\/new-resizer\/Kf5Ow4OMR_L597Xon9aEEsiLF7w=\/420x236\/filters:format(webp):quality(85)\/cloudfront-us-east-1.images.arcpublishing.com\/infobae\/HUUMSFFH2BHPJOWQAIGROCISUY.jpg 420w,https:\/\/www.infobae.com\/new-resizer\/QY81zqnjN3h06rxmqghbKvBhUnQ=\/768x432\/filters:format(webp):quality(85)\/cloudfront-us-east-1.images.arcpublishing.com\/infobae\/HUUMSFFH2BHPJOWQAIGROCISUY.jpg 768w,https:\/\/www.infobae.com\/new-resizer\/X6BSwgUzPp-xPKnIaOH7mJVzBZ8=\/992x558\/filters:format(webp):quality(85)\/cloudfront-us-east-1.images.arcpublishing.com\/infobae\/HUUMSFFH2BHPJOWQAIGROCISUY.jpg 992w,https:\/\/www.infobae.com\/new-resizer\/Cem_aE8jG0YLqPs0rjm87uvFh9s=\/1200x675\/filters:format(webp):quality(85)\/cloudfront-us-east-1.images.arcpublishing.com\/infobae\/HUUMSFFH2BHPJOWQAIGROCISUY.jpg 1200w,https:\/\/www.infobae.com\/new-resizer\/fQUbWNYKEzLNIwjISj4upPd513c=\/1440x810\/filters:format(webp):quality(85)\/cloudfront-us-east-1.images.arcpublishing.com\/infobae\/HUUMSFFH2BHPJOWQAIGROCISUY.jpg 1440w\">Se sec\u00f3 la Laguna Paiva, en Santa Fe (Fernando Nicola &#8211; Diario El Litoral)<\/p>\n\n\n\n<p>El testigo explic\u00f3 que, debido a la falta de lluvias,&nbsp;<strong>ya \u201cno queda peces vivos en la laguna\u201d<\/strong>, ubicada en Vera y Pintado, a unos 200 kil\u00f3metros de la capital provincial, y remarc\u00f3 que \u201cva a llevar mucho tiempo recuperar el recurso\u201d.<\/p>\n\n\n\n<p>En los \u00faltimos d\u00edas, se conocieron otras im\u00e1genes que tambi\u00e9n se viralizaron a trav\u00e9s de las redes sociales y que muestran a algunas lagunas que se secaron producto de la falta de lluvias en Santa Fe. Las fotos del&nbsp;<strong>desastre&nbsp;<\/strong>fueron publicadas por el naturalista&nbsp;<strong>Cesar Massi&nbsp;<\/strong>en su cuenta oficial de Twitter.<\/p>\n\n\n\n<p>Se trata, puntualmente, de las lagunas de&nbsp;<strong>El Palmar<\/strong>&nbsp;y&nbsp;<strong>El Cristal<\/strong>, ambas ubicadas en la zona Norte de la provincia, se quedaron sin agua por la falta de lluvias. \u201cQu\u00e9 tristeza. Me dice el amigo @marcosmian1 que la laguna El Cristal, uno de los lugares m\u00e1s lindos de Santa Fe, finalmente<strong>&nbsp;se sec\u00f3<\/strong>\u201d, se\u00f1al\u00f3 en un posteo respecto al espejo de agua, que es una zona protegida de 15 hect\u00e1reas ubicada cerca de la localidad de&nbsp;<strong>Calchaqu\u00ed<\/strong>, en el departamento de&nbsp;<strong>Vera<\/strong>.<\/p>\n\n\n\n<p>Seg\u00fan un informe de la Mesa Nacional de Monitoreo de Sequ\u00edas, conformada por diferentes organismos p\u00fablicos, en diciembre 10 millones de hect\u00e1reas pasaron a formar parte del territorio nacional afectado por la sequ\u00eda, como consecuencia de un agravamiento de la ausencia de lluvias en el Norte del pa\u00eds.<\/p>\n\n\n\n<p>Hasta el momento, en total son&nbsp;<strong>175.125.097 hect\u00e1reas golpeadas&nbsp;<\/strong>por la ausencia de precipitaciones, de las cuales 1.218.318 corresponden a cultivos y que se suman a 17.446.357 cabezas de ganado bovino impactadas por la problem\u00e1tica. Hay que recordar, en relaci\u00f3n con la ganader\u00eda, que se est\u00e1 registrando una importante mortandad de animales,&nbsp;<strong>especialmente en el Norte de Santa Fe<\/strong>, como consecuencia de la falta de pasto en los campos para su alimentaci\u00f3n.<\/p>\n\n\n\n<p>El gobernador\u00a0<strong>Omar Perotti<\/strong>\u00a0realiz\u00f3 d\u00edas atr\u00e1s junto a su secretario de Agricultura,\u00a0<strong>Juan Jos\u00e9 Bahillo<\/strong>, una recorrida por algunas de las zonas m\u00e1s afectadas por esta situaci\u00f3n, y anunci\u00f3 el env\u00edo de 1.300 millones de pesos para los productores damnificados.<\/p>\n\n\n\n<p><\/p>\n\n\n\n<p>Fuente: Infobae.<\/p>\n","protected":false},"excerpt":{"rendered":"<p>Un usuario grab\u00f3 con su celular los restos de los card\u00famenes a orillas de la Laguna del Plata en la localidad de Vera y Pintado. Las importantes&nbsp;sequ\u00edas&nbsp;que se vienen registrando&hellip; <\/p>\n","protected":false},"author":6,"featured_media":34857,"comment_status":"closed","ping_status":"open","sticky":false,"template":"","format":"standard","meta":{"footnotes":""},"categories":[6],"tags":[],"class_list":["post-34856","post","type-post","status-publish","format-standard","has-post-thumbnail","hentry","category-medio-ambiente"],"_links":{"self":[{"href":"https:\/\/corrientesdetarde.com\/index.php\/wp-json\/wp\/v2\/posts\/34856","targetHints":{"allow":["GET"]}}],"collection":[{"href":"https:\/\/corrientesdetarde.com\/index.php\/wp-json\/wp\/v2\/posts"}],"about":[{"href":"https:\/\/corrientesdetarde.com\/index.php\/wp-json\/wp\/v2\/types\/post"}],"author":[{"embeddable":true,"href":"https:\/\/corrientesdetarde.com\/index.php\/wp-json\/wp\/v2\/users\/6"}],"replies":[{"embeddable":true,"href":"https:\/\/corrientesdetarde.com\/index.php\/wp-json\/wp\/v2\/comments?post=34856"}],"version-history":[{"count":1,"href":"https:\/\/corrientesdetarde.com\/index.php\/wp-json\/wp\/v2\/posts\/34856\/revisions"}],"predecessor-version":[{"id":34858,"href":"https:\/\/corrientesdetarde.com\/index.php\/wp-json\/wp\/v2\/posts\/34856\/revisions\/34858"}],"wp:featuredmedia":[{"embeddable":true,"href":"https:\/\/corrientesdetarde.com\/index.php\/wp-json\/wp\/v2\/media\/34857"}],"wp:attachment":[{"href":"https:\/\/corrientesdetarde.com\/index.php\/wp-json\/wp\/v2\/media?parent=34856"}],"wp:term":[{"taxonomy":"category","embeddable":true,"href":"https:\/\/corrientesdetarde.com\/index.php\/wp-json\/wp\/v2\/categories?post=34856"},{"taxonomy":"post_tag","embeddable":true,"href":"https:\/\/corrientesdetarde.com\/index.php\/wp-json\/wp\/v2\/tags?post=34856"}],"curies":[{"name":"wp","href":"https:\/\/api.w.org\/{rel}","templated":true}]}}