{"id":34980,"date":"2023-01-23T10:59:16","date_gmt":"2023-01-23T13:59:16","guid":{"rendered":"https:\/\/corrientesdetarde.com\/?p=34980"},"modified":"2023-01-23T10:59:19","modified_gmt":"2023-01-23T13:59:19","slug":"encontraron-el-cuerpo-de-un-adolescente-que-se-ahogo-en-corrientes","status":"publish","type":"post","link":"https:\/\/corrientesdetarde.com\/index.php\/sociales\/encontraron-el-cuerpo-de-un-adolescente-que-se-ahogo-en-corrientes\/","title":{"rendered":"Encontraron el cuerpo de un adolescente que se ahog\u00f3 en Corrientes"},"content":{"rendered":"\n<p>En la jornada de este domingo 22, alrededor de las 18, Efectivos Policiales de la Comisar\u00eda D\u00e9cimo Segunda Urbana, tomaron conocimiento que en aguas del R\u00edo Paran\u00e1 un menor de edad habr\u00eda desaparecido de la superficie acu\u00e1tica y quien posteriormente fue hallado sin vida por personal de Prefectura Naval Argentina.<\/p>\n\n\n\n<p>Por tal motivo, inmediatamente los Polic\u00edas se constituyeron en el lugar, donde seg\u00fan las primeras averiguaciones en momentos en que un menor de 14 a\u00f1os de edad se encontraba junto a un primo, en un momento determinado \u00e9ste \u00faltimo observ\u00f3 que el menor se meti\u00f3 a las aguas del citado r\u00edo en la zona conocida como la arena, desapareciendo de la superficie acu\u00e1tica, desconoci\u00e9ndose a\u00fan m\u00e1s detalles y pormenores que rodearon el hecho.&nbsp;<\/p>\n\n\n\n<p>Ante tal circunstancia, efectivos de Prefectura Naval Argentina procedieron a la b\u00fasqueda, logrando tiempo m\u00e1s tarde el hallazgo del cuerpo del mismo, pero ya sin vida, posteriormente fue examinado por el m\u00e9dico de polic\u00eda en turno, el cual determin\u00f3 que la causa de su deceso fue &#8220;asfixia por sumersi\u00f3n&#8221;.<\/p>\n\n\n\n<p>Al respecto se puso en conocimiento de las autoridades judiciales en turno, quien dispuso que el cuerpo sea entregado a sus familiares para su correspondiente Inhumaci\u00f3n.<\/p>\n","protected":false},"excerpt":{"rendered":"<p>En la jornada de este domingo 22, alrededor de las 18, Efectivos Policiales de la Comisar\u00eda D\u00e9cimo Segunda Urbana, tomaron conocimiento que en aguas del R\u00edo Paran\u00e1 un menor de&hellip; <\/p>\n","protected":false},"author":4,"featured_media":34997,"comment_status":"closed","ping_status":"open","sticky":false,"template":"","format":"standard","meta":{"footnotes":""},"categories":[17],"tags":[],"class_list":["post-34980","post","type-post","status-publish","format-standard","has-post-thumbnail","hentry","category-sociales"],"_links":{"self":[{"href":"https:\/\/corrientesdetarde.com\/index.php\/wp-json\/wp\/v2\/posts\/34980","targetHints":{"allow":["GET"]}}],"collection":[{"href":"https:\/\/corrientesdetarde.com\/index.php\/wp-json\/wp\/v2\/posts"}],"about":[{"href":"https:\/\/corrientesdetarde.com\/index.php\/wp-json\/wp\/v2\/types\/post"}],"author":[{"embeddable":true,"href":"https:\/\/corrientesdetarde.com\/index.php\/wp-json\/wp\/v2\/users\/4"}],"replies":[{"embeddable":true,"href":"https:\/\/corrientesdetarde.com\/index.php\/wp-json\/wp\/v2\/comments?post=34980"}],"version-history":[{"count":1,"href":"https:\/\/corrientesdetarde.com\/index.php\/wp-json\/wp\/v2\/posts\/34980\/revisions"}],"predecessor-version":[{"id":34998,"href":"https:\/\/corrientesdetarde.com\/index.php\/wp-json\/wp\/v2\/posts\/34980\/revisions\/34998"}],"wp:featuredmedia":[{"embeddable":true,"href":"https:\/\/corrientesdetarde.com\/index.php\/wp-json\/wp\/v2\/media\/34997"}],"wp:attachment":[{"href":"https:\/\/corrientesdetarde.com\/index.php\/wp-json\/wp\/v2\/media?parent=34980"}],"wp:term":[{"taxonomy":"category","embeddable":true,"href":"https:\/\/corrientesdetarde.com\/index.php\/wp-json\/wp\/v2\/categories?post=34980"},{"taxonomy":"post_tag","embeddable":true,"href":"https:\/\/corrientesdetarde.com\/index.php\/wp-json\/wp\/v2\/tags?post=34980"}],"curies":[{"name":"wp","href":"https:\/\/api.w.org\/{rel}","templated":true}]}}