{"id":34987,"date":"2023-01-23T10:46:28","date_gmt":"2023-01-23T13:46:28","guid":{"rendered":"https:\/\/corrientesdetarde.com\/?p=34987"},"modified":"2023-01-23T10:46:32","modified_gmt":"2023-01-23T13:46:32","slug":"maximiliano-ferraro-en-juntos-por-el-cambio-se-demuestra-pluralidad-y-unidad","status":"publish","type":"post","link":"https:\/\/corrientesdetarde.com\/index.php\/politica\/maximiliano-ferraro-en-juntos-por-el-cambio-se-demuestra-pluralidad-y-unidad\/","title":{"rendered":"Maximiliano Ferraro: &#8220;En Juntos por el Cambio se demuestra pluralidad y unidad&#8221;"},"content":{"rendered":"\n<p>Maximiliano Ferraro, presidente de la Coalici\u00f3n C\u00edvica (ARI), dialog\u00f3 en exclusiva con Radio Dos tras su visita a Corrientes.\u00a0<\/p>\n\n\n\n<p>&#8220;En Juntos por el Cambio se demuestra pluralidad y unidad sin importar quien sea el candidato en 20232, dijo Ferraro. En ese marco, resalt\u00f3 que &#8220;la Coalici\u00f3n C\u00edvica realiza un trabajo para fortalecer el espacio&#8221;.\u00a0<\/p>\n\n\n\n<figure class=\"wp-block-embed is-type-rich is-provider-twitter wp-block-embed-twitter\"><div class=\"wp-block-embed__wrapper\">\n<blockquote class=\"twitter-tweet\" data-width=\"550\" data-dnt=\"true\"><p lang=\"es\" dir=\"ltr\">C\u00f3mo no enchamigarse con Corrientes, que siempre nos recibe con tanto afecto. Con <a href=\"https:\/\/twitter.com\/horaciorlarreta?ref_src=twsrc%5Etfw\">@horaciorlarreta<\/a> visitamos al gobernador <a href=\"https:\/\/twitter.com\/gustavovaldesok?ref_src=twsrc%5Etfw\">@gustavovaldesok<\/a> quien nos mostr\u00f3 los logros que los correntinos est\u00e1n concretando. <a href=\"https:\/\/t.co\/80QGivQ1at\">pic.twitter.com\/80QGivQ1at<\/a><\/p>&mdash; maxi ferraro (@Maxiferraro) <a href=\"https:\/\/twitter.com\/Maxiferraro\/status\/1617184890537099264?ref_src=twsrc%5Etfw\">January 22, 2023<\/a><\/blockquote><script async src=\"https:\/\/platform.twitter.com\/widgets.js\" charset=\"utf-8\"><\/script>\n<\/div><\/figure>\n\n\n\n<p>&#8220;Estamos viviendo una etapa de reordenamiento, acompa\u00f1ada con una crisis, que tiene que ser tomada como una oportunidad. El 2022 es un a\u00f1o para que nos sentemos seriamente a pensar cu\u00e1l es el camino a recorrer a partir de una posibilidad que se nos puede abrir en el 2023, como la posibilidad de la alternancia. Esto significa sentarnos a pensar seriamente las reformas y el programa de fondo que necesita la Argentina para los pr\u00f3ximos tiempos, y m\u00e1s a\u00fan, la complejidad que hoy estamos atravesando&#8221;, manifest\u00f3.&nbsp;<\/p>\n\n\n\n<p>&#8220;A m\u00ed me preocupan los avances que est\u00e1n haciendo los populismos de izquierdas o de derechas y que no s\u00f3lo se ven en Argentina. Esto lo tenemos que abordar con seriedad y preocupaci\u00f3n, porque esos populismos tanto de izquierda como de derecha lo \u00fanico que en definitiva, a mediano y largo plazo, terminan haciendo es erosionar el mejor sistema que tenemos hasta este momento que es la democracia representativa. Lo vemos en experiencias de izquierda, con Maduro u Ortega, o expresiones de derecha, como Trump y Bolsonaro, o discusiones que se dan en otros pa\u00edses de Europa, como en Espa\u00f1a&#8221;, remarc\u00f3.<\/p>\n\n\n\n<p>&#8220;Es entendible la indignaci\u00f3n de la gente, porque cu\u00e1ntas personas no pudieron salir del pa\u00eds&nbsp; no para disfrutar de vacaciones, sino para ver a sus seres queridos o ir a trabajar&#8221;, asever\u00f3.&nbsp;<\/p>\n","protected":false},"excerpt":{"rendered":"<p>Maximiliano Ferraro, presidente de la Coalici\u00f3n C\u00edvica (ARI), dialog\u00f3 en exclusiva con Radio Dos tras su visita a Corrientes.\u00a0 &#8220;En Juntos por el Cambio se demuestra pluralidad y unidad sin&hellip; <\/p>\n","protected":false},"author":4,"featured_media":34988,"comment_status":"closed","ping_status":"open","sticky":false,"template":"","format":"standard","meta":{"footnotes":""},"categories":[3],"tags":[],"class_list":["post-34987","post","type-post","status-publish","format-standard","has-post-thumbnail","hentry","category-politica"],"_links":{"self":[{"href":"https:\/\/corrientesdetarde.com\/index.php\/wp-json\/wp\/v2\/posts\/34987","targetHints":{"allow":["GET"]}}],"collection":[{"href":"https:\/\/corrientesdetarde.com\/index.php\/wp-json\/wp\/v2\/posts"}],"about":[{"href":"https:\/\/corrientesdetarde.com\/index.php\/wp-json\/wp\/v2\/types\/post"}],"author":[{"embeddable":true,"href":"https:\/\/corrientesdetarde.com\/index.php\/wp-json\/wp\/v2\/users\/4"}],"replies":[{"embeddable":true,"href":"https:\/\/corrientesdetarde.com\/index.php\/wp-json\/wp\/v2\/comments?post=34987"}],"version-history":[{"count":1,"href":"https:\/\/corrientesdetarde.com\/index.php\/wp-json\/wp\/v2\/posts\/34987\/revisions"}],"predecessor-version":[{"id":34989,"href":"https:\/\/corrientesdetarde.com\/index.php\/wp-json\/wp\/v2\/posts\/34987\/revisions\/34989"}],"wp:featuredmedia":[{"embeddable":true,"href":"https:\/\/corrientesdetarde.com\/index.php\/wp-json\/wp\/v2\/media\/34988"}],"wp:attachment":[{"href":"https:\/\/corrientesdetarde.com\/index.php\/wp-json\/wp\/v2\/media?parent=34987"}],"wp:term":[{"taxonomy":"category","embeddable":true,"href":"https:\/\/corrientesdetarde.com\/index.php\/wp-json\/wp\/v2\/categories?post=34987"},{"taxonomy":"post_tag","embeddable":true,"href":"https:\/\/corrientesdetarde.com\/index.php\/wp-json\/wp\/v2\/tags?post=34987"}],"curies":[{"name":"wp","href":"https:\/\/api.w.org\/{rel}","templated":true}]}}