{"id":34993,"date":"2023-01-23T11:43:57","date_gmt":"2023-01-23T14:43:57","guid":{"rendered":"https:\/\/corrientesdetarde.com\/?p=34993"},"modified":"2023-01-23T11:44:01","modified_gmt":"2023-01-23T14:44:01","slug":"un-policia-sufrio-graves-heridas-en-una-pelea-que-se-desato-en-la-fiesta-del-chamame","status":"publish","type":"post","link":"https:\/\/corrientesdetarde.com\/index.php\/crimen-y-justicia\/un-policia-sufrio-graves-heridas-en-una-pelea-que-se-desato-en-la-fiesta-del-chamame\/","title":{"rendered":"Un polic\u00eda sufri\u00f3 graves heridas en una pelea que se desat\u00f3 en la Fiesta del Chamam\u00e9"},"content":{"rendered":"\n<p>Los familiares denunciaron el hecho y\u00a0exigen respuestas por parte la justicia.\u00a0<\/p>\n\n\n\n<p>Un polic\u00eda termin\u00f3 con graves heridas&nbsp;tras detener una pelea en la Fiesta Nacional del Chamam\u00e9 y desde su familia exigen justicia y acompa\u00f1amiento.&nbsp;<\/p>\n\n\n\n<p>Se trata del Oficial&nbsp;Ram\u00f3n Ricardo Saturnino Quintana, quien se encontraba realizando turnos adicionales durante las noches de la Fiesta Nacional del Chamam\u00e9 que se desarroll\u00f3 en el anfiteatro Cocomarola, cuando durante una de las peleas fue atacado y perdi\u00f3 el conocimiento.&nbsp;<\/p>\n\n\n\n<p>Al respecto, su hermana Milagros Quintana inform\u00f3 a&nbsp;<a href=\"https:\/\/www.ellitoral.com.ar\/\">ellitoral.com.ar<\/a><strong><\/strong>&nbsp;que&nbsp;&nbsp;<strong>no existen detenidos y que el joven result\u00f3 con politraumatismo y un severo traumatismo de cr\u00e1neo que le dejo como consecuencias dolores, mareos, perdida de conocimiento y debilidad para estar parado y caminar.&nbsp;<\/strong><\/p>\n\n\n\n<p>Ricardo se encontraba cubriendo un turno adicional durante el evento chamamecero del viernes 20 de enero cuando en cumplimiento de su deber intercedi\u00f3 en una pelea y fue tacleado y levantado con toda la fuerza del agresor&nbsp;&nbsp;lo que gener\u00f3 que golpeara su cabeza contra una tarima y perdiera el conocimiento.<\/p>\n\n\n\n<p>Seg\u00fan cont\u00f3 la hermana, el joven<strong>&nbsp; no fue asistido ni ayudando en ning\u00fan momento y debi\u00f3 acercarse por cuenta propia hasta el personal de salud que se encontraba en el lugar.&nbsp;<\/strong><\/p>\n\n\n\n<figure class=\"wp-block-image\"><img decoding=\"async\" src=\"https:\/\/pxc.cdn.ellitoral.com.ar\/litoral\/012023\/1674478978932.webp?cw=675&amp;ch=1500&amp;extw=jpg\" alt=\"Un polic\u00eda sufri\u00f3 graves heridas en una pelea que se desat\u00f3 en la Fiesta del Chamam\u00e9\"\/><\/figure>\n\n\n\n<p>&#8220;Mi hermano es un hombre noble y tiene mujer e hijo que lo esperan y extra\u00f1an en su casa&#8221;, coment\u00f3 Milagros quien se encuentra a cargo del oficial internado en el Centro Accidentol\u00f3gico Privado&nbsp;&nbsp;<strong>desde hace 3 d\u00edas sin obtener respuestas&nbsp;<\/strong>acerca del estado cr\u00edtico en el que se encuentra.&nbsp;<\/p>\n\n\n\n<p>Desde su familia&nbsp;<strong>denuncian la falta de acompa\u00f1amiento por parte de las entidades oficiales&nbsp;&nbsp;<\/strong>y reclaman la falta de atenci\u00f3n por parte del personal de salud. &#8220;Nadie hizo nada ni hay detenidos. Mi hermano esta tirado en una cama sin siquiera un aire en su habitaci\u00f3n y se niegan a decirnos que tiene o si va a necesitar intervenci\u00f3n quir\u00fargica&#8221;, expres\u00f3 a&nbsp;&nbsp;<a href=\"https:\/\/www.ellitoral.com.ar\/\">ellitoral.com.ar.&nbsp;<\/a><\/p>\n\n\n\n<p>&#8220;<strong>Nadie esta preso por lo que le pas\u00f3 a mi hermano, todos est\u00e1n tranquilos&nbsp;<\/strong>mientras nosotros luchamos para saber que es lo que le pas\u00f3, el hombre que lo atac\u00f3 no qued\u00f3 detenido solo le pidieron los datos y fue liberado mientras que Ricardo no puede pararse desde el viernes&#8221; asever\u00f3 Milagros.&nbsp;<\/p>\n\n\n\n<p>Por el momento desconocen cu\u00e1l es el parte m\u00e9dico oficial de Santurino Quintana y sus familiares solicitan acompa\u00f1amiento de la fuerza y del Estado provincial.&nbsp;<\/p>\n\n\n\n<figure class=\"wp-block-image\"><img decoding=\"async\" src=\"https:\/\/pxc.cdn.ellitoral.com.ar\/litoral\/012023\/1674479073505.webp?cw=720&amp;ch=1280&amp;extw=jpg\" alt=\"Un polic\u00eda sufri\u00f3 graves heridas en una pelea que se desat\u00f3 en la Fiesta del Chamam\u00e9\"\/><\/figure>\n","protected":false},"excerpt":{"rendered":"<p>Los familiares denunciaron el hecho y\u00a0exigen respuestas por parte la justicia.\u00a0 Un polic\u00eda termin\u00f3 con graves heridas&nbsp;tras detener una pelea en la Fiesta Nacional del Chamam\u00e9 y desde su familia&hellip; <\/p>\n","protected":false},"author":4,"featured_media":35007,"comment_status":"closed","ping_status":"open","sticky":false,"template":"","format":"standard","meta":{"footnotes":""},"categories":[5],"tags":[],"class_list":["post-34993","post","type-post","status-publish","format-standard","has-post-thumbnail","hentry","category-crimen-y-justicia"],"_links":{"self":[{"href":"https:\/\/corrientesdetarde.com\/index.php\/wp-json\/wp\/v2\/posts\/34993","targetHints":{"allow":["GET"]}}],"collection":[{"href":"https:\/\/corrientesdetarde.com\/index.php\/wp-json\/wp\/v2\/posts"}],"about":[{"href":"https:\/\/corrientesdetarde.com\/index.php\/wp-json\/wp\/v2\/types\/post"}],"author":[{"embeddable":true,"href":"https:\/\/corrientesdetarde.com\/index.php\/wp-json\/wp\/v2\/users\/4"}],"replies":[{"embeddable":true,"href":"https:\/\/corrientesdetarde.com\/index.php\/wp-json\/wp\/v2\/comments?post=34993"}],"version-history":[{"count":1,"href":"https:\/\/corrientesdetarde.com\/index.php\/wp-json\/wp\/v2\/posts\/34993\/revisions"}],"predecessor-version":[{"id":35008,"href":"https:\/\/corrientesdetarde.com\/index.php\/wp-json\/wp\/v2\/posts\/34993\/revisions\/35008"}],"wp:featuredmedia":[{"embeddable":true,"href":"https:\/\/corrientesdetarde.com\/index.php\/wp-json\/wp\/v2\/media\/35007"}],"wp:attachment":[{"href":"https:\/\/corrientesdetarde.com\/index.php\/wp-json\/wp\/v2\/media?parent=34993"}],"wp:term":[{"taxonomy":"category","embeddable":true,"href":"https:\/\/corrientesdetarde.com\/index.php\/wp-json\/wp\/v2\/categories?post=34993"},{"taxonomy":"post_tag","embeddable":true,"href":"https:\/\/corrientesdetarde.com\/index.php\/wp-json\/wp\/v2\/tags?post=34993"}],"curies":[{"name":"wp","href":"https:\/\/api.w.org\/{rel}","templated":true}]}}