{"id":34994,"date":"2023-01-23T10:55:12","date_gmt":"2023-01-23T13:55:12","guid":{"rendered":"https:\/\/corrientesdetarde.com\/?p=34994"},"modified":"2023-01-23T10:55:17","modified_gmt":"2023-01-23T13:55:17","slug":"caso-baez-sosa-plan-homicida-o-rina-que-termino-en-muerte-los-ejes-de-dos-alegatos-enfrentados","status":"publish","type":"post","link":"https:\/\/corrientesdetarde.com\/index.php\/crimen-y-justicia\/caso-baez-sosa-plan-homicida-o-rina-que-termino-en-muerte-los-ejes-de-dos-alegatos-enfrentados\/","title":{"rendered":"Caso Baez Sosa: plan homicida o ri\u00f1a que termin\u00f3 en muerte, los ejes de dos alegatos enfrentadoS"},"content":{"rendered":"\n<p>La defensa de los imputados sostuvo desde la apertura del proceso que la acusaci\u00f3n no lograr\u00eda probar los hechos imputados, y tras haber finalizado la etapa de recepci\u00f3n de prueba insistir\u00e1 sobre ese punto cuando sea su turno de alegar el jueves 26 pr\u00f3ximo.<\/p>\n\n\n\n<p>Para los fiscales que intervienen en el juicio por el\u00a0crimen de Fernando B\u00e1ez Sosa\u00a0y para los abogados de la familia del joven asesinado, las pruebas de que los ocho acusados idearon y ejecutaron un plan para matarlo estaban claras desde antes de la primera audiencia en la ciudad de Dolores, y las\u00a0trece jornadas de testimonios desarrolladas hasta el \u00faltimo mi\u00e9rcoles\u00a0reforzaron esa idea, que seg\u00fan fuentes cercanas a la causa ser\u00e1 el\u00a0eje de los alegatos finales que presentar\u00e1n el pr\u00f3ximo 25 de enero, con el pedido de prisi\u00f3n perpetua para todos ellos.<\/p>\n\n\n\n<p>La defensa de los imputados, en tanto, sostuvo desde la apertura del proceso que la acusaci\u00f3n no lograr\u00eda probar los hechos imputados, y tras haber finalizado la etapa de recepci\u00f3n de prueba insistir\u00e1 sobre ese punto cuando sea su turno de alegar el jueves 26 pr\u00f3ximo.&nbsp;<\/p>\n\n\n\n<p>Puntualmente, la defensa intentar\u00e1 convencer a los jueces del Tribunal Oral en lo Criminal 1 de que no pudo acreditarse la existencia de un pacto homicida, que tampoco se prob\u00f3 la alevos\u00eda y que no todos los acusados intervinieron en la agresi\u00f3n sufrida por el joven estudiante de derecho la madrugada del 18 de enero de 2020 en la puerta del boliche &#8220;Le Brique&#8221; de Villa Gesell.<\/p>\n\n\n\n<p>Los fiscales Juan Manuel D\u00e1vila y Gustavo Garc\u00eda ser\u00e1n los primeros en presentar su alegato y luego lo har\u00e1n los abogados Fernando Burlando, Fabi\u00e1n Am\u00e9ndola y Facundo Am\u00e9ndola, en calidad de particular damnificado, y en ambos casos insistir\u00e1n con la acusaci\u00f3n original hacia los ocho imputados por el delito de &#8220;homicidio agravado por alevos\u00eda y por el concurso premeditado de dos o m\u00e1s personas&#8221;, que prev\u00e9 una pena de prisi\u00f3n perpetua.<\/p>\n\n\n\n<p>Se prev\u00e9 que coincidan en la imputaci\u00f3n de los rugbiers como &#8220;coautores funcionales&#8221;, y en caso de que no sea as\u00ed deber\u00e1n determinar qui\u00e9nes fueron autores y el grado eventual de participaci\u00f3n del resto.<\/p>\n\n\n\n<figure class=\"wp-block-image\"><img decoding=\"async\" src=\"https:\/\/www.lt7noticias.com\/content\/bucket\/2\/40812w770h462c.jpg.webp\" alt=\"\"\/><\/figure>\n\n\n\n<p>El jueves ser\u00e1 el turno de Hugo Tomei, a cargo de la defensa de los acusados desde el inicio del caso, cuyo objetivo ser\u00e1 la absoluci\u00f3n de todos ellos y de manera subsidiaria refutar la acusaci\u00f3n y apuntar hacia un escenario de &#8220;homicidio en ri\u00f1a o agresi\u00f3n&#8221;, seg\u00fan se desprende de su actuaci\u00f3n a lo largo del juicio.&nbsp;<\/p>\n\n\n\n<p>Finalizada la instancia de alegatos, los acusados M\u00e1ximo Thomsen (23), Enzo Comelli (22), Mat\u00edas Benicelli (23), Blas Cinalli (21), Ayrton Viollaz (23), y Luciano (21), Ciro (22) y Lucas Pertossi (23) tendr\u00e1n la posibilidad de decir sus \u00faltimas palabras ante el tribunal.<\/p>\n\n\n\n<p>Luego, los jueces Mar\u00eda Claudia Castro, Christian Rabaia y Emiliano Lazzari anunciar\u00e1n la fecha en que dar\u00e1n a conocer la sentencia, que podr\u00eda ser el 30 o 31 de enero.<\/p>\n\n\n\n<p>Las estrategias de las partes asomaron desde el inicio del juicio el \u00faltimo 2 de enero, y a medida que avanzaron las audiencias quedaron a la vista m\u00e1s elementos.<\/p>\n\n\n\n<p>Los fiscales se\u00f1alaron en la apertura del debate que se lograr\u00eda acreditar el homicidio doblemente agravado y, tras 13 jornadas en las que declararon 87 testigos, consideraron que sin &#8220;ninguna duda&#8221; qued\u00f3 &#8220;probada la materialidad del hecho junto con la calificaci\u00f3n&#8221;.<\/p>\n\n\n\n<p>En la misma l\u00ednea, los abogados que representan a Silvino B\u00e1ez y Graciela Sosa, padres de la v\u00edctima, consideraron probado que &#8220;los acusados tomaron la decisi\u00f3n de matar y mataron&#8221;.<\/p>\n\n\n\n<p>Fiscal\u00eda y particular damnificado coinciden con la fiscal Ver\u00f3nica Zamboni, que llev\u00f3 adelante la investigaci\u00f3n, en que entre 4.41 y las 5 del d\u00eda del 18 de enero de 2020 los acusados &#8220;acordaron darle muerte a Fernando B\u00e1ez Sosa, para lo cual previamente distribuyeron funcionalmente sus roles&#8221;, tras un incidente mantenido previamente con la v\u00edctima y sus amigos dentro del boliche &#8220;Le Brique&#8221;, en pleno centro de Gesell.&nbsp;<\/p>\n\n\n\n<p>Si bien el defensor no adelant\u00f3 cu\u00e1l ser\u00e1 el eje de su alegato, su estrategia asom\u00f3 sobre todo en las declaraciones de los imputados durante la \u00faltima semana de audiencias: a su modo, todos ellos negaron que hubiera existido un plan y la intenci\u00f3n de matar a alguien y hablaron de una pelea en la que algunos de ellos habr\u00edan intervenido una vez iniciada, y borrachos.<\/p>\n\n\n\n<h2 class=\"wp-block-heading\">Declaraciones de los imputados<\/h2>\n\n\n\n<p>&#8220;Jam\u00e1s en la vida tuve intenci\u00f3n de matar a nadie, porque vengo escuchando todos los d\u00edas que yo organic\u00e9, que soy l\u00edder&#8221;, declar\u00f3 en ese sentido Thomsen, y dijo adem\u00e1s que solo reaccion\u00f3 &#8220;tirando patadas&#8221; ante una &#8220;pi\u00f1a en el rostro&#8221; que asegur\u00f3 haber recibido tras su expulsi\u00f3n del boliche.&nbsp;<\/p>\n\n\n\n<p>En la misma l\u00ednea declar\u00f3 Ciro Pertossi, quien dijo que evit\u00f3 patear a Fernando cuando advirti\u00f3 que estaba inconsciente, mientras que su primo Lucas Pertossi asegur\u00f3 que en &#8220;en ning\u00fan momento&#8221; tuvo &#8220;intenci\u00f3n de matar a nadie&#8221;, que no le peg\u00f3 a la v\u00edctima y que vio que a un amigo suyo &#8220;lo estaban agarrando del pie y tirando al piso&#8221;, por lo que peg\u00f3 &#8220;dos patadas&#8221; a otra persona.<\/p>\n\n\n\n<p>Cinalli, \u00faltimo en declarar, expres\u00f3 en tanto que &#8220;no hubo ning\u00fan plan, no hubo planificaci\u00f3n, no hubo ning\u00fan rol&#8221;.<\/p>\n\n\n\n<p>A partir de estos elementos, Tomei podr\u00eda pedir que el hecho sea configurado como un &#8220;homicidio en ri\u00f1a o agresi\u00f3n&#8221;, que de acuerdo al Art\u00edculo 95 del C\u00f3digo Penal aplica a un ataque de dos o m\u00e1s personas a alguien que fallece, sin que conste qui\u00e9n le produjo la muerte, por lo que &#8220;se tendr\u00e1 por autores a todos los que ejercieron violencia sobre la persona&#8221;.<\/p>\n\n\n\n<p>Este delito prev\u00e9 una pena de dos a seis a\u00f1os de prisi\u00f3n para aquellos identificados como agresores, posici\u00f3n en la que, de acuerdo a los testimonios brindados durante el juicio, a los videos exhibidos y las pericias de ADN realizadas, se ubicar\u00edan Thomsen, Comelli, Cinalli, Benicelli y Luciano y Ciro Pertossi.<\/p>\n\n\n\n<p>El defensor podr\u00eda argumentar en este sentido que no se pudo acreditar con precisi\u00f3n que alguno de los golpes haya sido puntualmente el que mat\u00f3 a Fernando, en l\u00ednea con los dos m\u00e9dicos forenses que cerraron la lista de testigos del juicio y cuestionaron el trabajo del m\u00e9dico que hizo la autopsia.&nbsp;<\/p>\n\n\n\n<p>De manera alternativa, Tomei podr\u00eda pedir que se contemple el &#8220;homicidio preterintencional&#8221;, que aplica a quien &#8220;con el prop\u00f3sito de causar un da\u00f1o en el cuerpo o en la salud, produjere la muerte de alguna persona, cuando el medio empleado no deb\u00eda razonablemente ocasionar la muerte&#8221;, y prev\u00e9 una pena de 1 a 3 a\u00f1os de prisi\u00f3n.<\/p>\n\n\n\n<p>Otra opci\u00f3n podr\u00eda ser que se contemple el &#8220;homicidio simple con dolo eventual&#8221;, que seg\u00fan fuentes judiciales aplica a un agresor que &#8220;debi\u00f3 haberse representado que su acci\u00f3n pod\u00eda causar la muerte&#8221;, y pese a eso &#8220;continu\u00f3 con su accionar y no hizo nada para evitarlo&#8221;.<\/p>\n\n\n\n<p>Este delito prev\u00e9 una pena de 8 a 25 a\u00f1os, al igual que el &#8220;homicidio simple&#8221;, aunque en este caso, de considerarse acreditado alguno de los agravantes la condena ser\u00eda a perpetua para todos los alcanzados.<\/p>\n\n\n\n<p>Tanto en el caso de las penas menores como en caso de que sean condenados por las &#8220;lesiones leves&#8221; por las que tambi\u00e9n est\u00e1n imputados, que prev\u00e9n entre un mes y un a\u00f1o de c\u00e1rcel, debe tenerse en cuenta que los acusados cumplen prisi\u00f3n preventiva desde el 14 de febrero de 2020.<\/p>\n","protected":false},"excerpt":{"rendered":"<p>La defensa de los imputados sostuvo desde la apertura del proceso que la acusaci\u00f3n no lograr\u00eda probar los hechos imputados, y tras haber finalizado la etapa de recepci\u00f3n de prueba&hellip; <\/p>\n","protected":false},"author":4,"featured_media":34995,"comment_status":"closed","ping_status":"open","sticky":false,"template":"","format":"standard","meta":{"footnotes":""},"categories":[5],"tags":[],"class_list":["post-34994","post","type-post","status-publish","format-standard","has-post-thumbnail","hentry","category-crimen-y-justicia"],"_links":{"self":[{"href":"https:\/\/corrientesdetarde.com\/index.php\/wp-json\/wp\/v2\/posts\/34994","targetHints":{"allow":["GET"]}}],"collection":[{"href":"https:\/\/corrientesdetarde.com\/index.php\/wp-json\/wp\/v2\/posts"}],"about":[{"href":"https:\/\/corrientesdetarde.com\/index.php\/wp-json\/wp\/v2\/types\/post"}],"author":[{"embeddable":true,"href":"https:\/\/corrientesdetarde.com\/index.php\/wp-json\/wp\/v2\/users\/4"}],"replies":[{"embeddable":true,"href":"https:\/\/corrientesdetarde.com\/index.php\/wp-json\/wp\/v2\/comments?post=34994"}],"version-history":[{"count":1,"href":"https:\/\/corrientesdetarde.com\/index.php\/wp-json\/wp\/v2\/posts\/34994\/revisions"}],"predecessor-version":[{"id":34996,"href":"https:\/\/corrientesdetarde.com\/index.php\/wp-json\/wp\/v2\/posts\/34994\/revisions\/34996"}],"wp:featuredmedia":[{"embeddable":true,"href":"https:\/\/corrientesdetarde.com\/index.php\/wp-json\/wp\/v2\/media\/34995"}],"wp:attachment":[{"href":"https:\/\/corrientesdetarde.com\/index.php\/wp-json\/wp\/v2\/media?parent=34994"}],"wp:term":[{"taxonomy":"category","embeddable":true,"href":"https:\/\/corrientesdetarde.com\/index.php\/wp-json\/wp\/v2\/categories?post=34994"},{"taxonomy":"post_tag","embeddable":true,"href":"https:\/\/corrientesdetarde.com\/index.php\/wp-json\/wp\/v2\/tags?post=34994"}],"curies":[{"name":"wp","href":"https:\/\/api.w.org\/{rel}","templated":true}]}}