{"id":35000,"date":"2023-01-23T11:14:45","date_gmt":"2023-01-23T14:14:45","guid":{"rendered":"https:\/\/corrientesdetarde.com\/?p=35000"},"modified":"2023-01-23T11:14:50","modified_gmt":"2023-01-23T14:14:50","slug":"murieron-4-personas-con-coronavirus-en-corrientes-durante-el-fin-de-semana","status":"publish","type":"post","link":"https:\/\/corrientesdetarde.com\/index.php\/informacion-general\/murieron-4-personas-con-coronavirus-en-corrientes-durante-el-fin-de-semana\/","title":{"rendered":"Murieron 4 personas con coronavirus en Corrientes durante el fin de semanA"},"content":{"rendered":"\n<p>La cantidad de fallecimientos por el Covid-19 en la provincia lleg\u00f3 a 2.161. Adem\u00e1s se inform\u00f3 de 4 nuevos contagios este lunes.<\/p>\n\n\n\n<p>El informe epidemiol\u00f3gico de la provincia de Corrientes registr\u00f3 este lunes, 4 nuevos casos positivos de Coronavirus, de los cuales todos se reportaron en Capital, al haberse analizado 498 muestras en las \u00faltimas 72 horas.<\/p>\n\n\n\n<p>Esto actualiza la cifra de casos activos en 43 y los acumulados en 197.504 en todo el territorio provincial, al 23 de enero de 2023, con 2.066.259 testeos realizados desde que inici\u00f3 la pandemia y 195.499 recuperados.<\/p>\n\n\n\n<p>Mientras que son 2.157 los fallecidos acumulados y 41 los actuales internados en el Hospital de Campa\u00f1a, con resultado positivo para Covid-19, mientras que 2 pacientes obtuvieron el alta m\u00e9dica, 4 personas fallecieron, y est\u00e1 ocupado el 2% de los respiradores.<\/p>\n\n\n\n<p>Los nuevos casos son: Capital 4.<\/p>\n\n\n\n<figure class=\"wp-block-embed is-type-rich is-provider-twitter wp-block-embed-twitter\"><div class=\"wp-block-embed__wrapper\">\n<blockquote class=\"twitter-tweet\" data-width=\"550\" data-dnt=\"true\"><p lang=\"es\" dir=\"ltr\">Parte oficial sobre la situaci\u00f3n del Coronavirus y Hospital de Campa\u00f1a de la provincia \ud83c\udfe5 <a href=\"https:\/\/t.co\/clCgmrgWN4\">pic.twitter.com\/clCgmrgWN4<\/a><\/p>&mdash; Ministerio de Salud P\u00fablica (@saludcorrientes) <a href=\"https:\/\/twitter.com\/saludcorrientes\/status\/1617514989996105731?ref_src=twsrc%5Etfw\">January 23, 2023<\/a><\/blockquote><script async src=\"https:\/\/platform.twitter.com\/widgets.js\" charset=\"utf-8\"><\/script>\n<\/div><\/figure>\n\n\n\n<h2 class=\"wp-block-heading\">Hospital de Campa\u00f1a<\/h2>\n\n\n\n<p>El Ministerio de Salud P\u00fablica inform\u00f3 el parte m\u00e9dico del Hospital de Campa\u00f1a &#8220;Escuela Hogar&#8221; de las \u00faltimas 24 horas, dando cuenta de la recuperaci\u00f3n de 2 personas que recibieron el alta m\u00e9dica, mientras que fallecieron 2 personas con resultado positivo para Covid-19.<\/p>\n\n\n\n<p>El informe emitido desde la instituci\u00f3n detalla que a la fecha (23 de enero), se encuentran internados 41 pacientes.<\/p>\n\n\n\n<p>Hay 29 pacientes con diagn\u00f3stico de Covid-19 en Sala de Cl\u00ednica General, cl\u00ednicamente estables.<\/p>\n\n\n\n<p>En la Unidad de Terapia Intensiva (UTI) hay 12 pacientes con diagn\u00f3stico de Covid-19, 6 con respiraci\u00f3n mec\u00e1nica asistida. Todos con pron\u00f3stico reservado.<\/p>\n\n\n\n<p>Se realizaron 42 atenciones en guardia, acumul\u00e1ndose 54.297.&nbsp;<\/p>\n\n\n\n<p>Fueron dados de alta 2 pacientes recuperados.<\/p>\n\n\n\n<p>En cuanto a los fallecidos con resultado positivo para Covid-19 de la fecha, se trata de dos hombres: 73 a\u00f1os de Sauce y 79 a\u00f1os de Capital. Ambos con antecedentes de patolog\u00edas de base.<\/p>\n\n\n\n<p>El 21 de enero fallecieron dos mujeres con resultado positivo para Covid-19: de 81 y 43 a\u00f1os. Ambas de Capital y con antecedentes de patolog\u00edas de base.<\/p>\n\n\n\n<p>&nbsp;Est\u00e1 ocupado el 2 % de los respiradores.&nbsp;<\/p>\n","protected":false},"excerpt":{"rendered":"<p>La cantidad de fallecimientos por el Covid-19 en la provincia lleg\u00f3 a 2.161. Adem\u00e1s se inform\u00f3 de 4 nuevos contagios este lunes. El informe epidemiol\u00f3gico de la provincia de Corrientes&hellip; <\/p>\n","protected":false},"author":4,"featured_media":35002,"comment_status":"closed","ping_status":"open","sticky":false,"template":"","format":"standard","meta":{"footnotes":""},"categories":[1],"tags":[],"class_list":["post-35000","post","type-post","status-publish","format-standard","has-post-thumbnail","hentry","category-informacion-general"],"_links":{"self":[{"href":"https:\/\/corrientesdetarde.com\/index.php\/wp-json\/wp\/v2\/posts\/35000","targetHints":{"allow":["GET"]}}],"collection":[{"href":"https:\/\/corrientesdetarde.com\/index.php\/wp-json\/wp\/v2\/posts"}],"about":[{"href":"https:\/\/corrientesdetarde.com\/index.php\/wp-json\/wp\/v2\/types\/post"}],"author":[{"embeddable":true,"href":"https:\/\/corrientesdetarde.com\/index.php\/wp-json\/wp\/v2\/users\/4"}],"replies":[{"embeddable":true,"href":"https:\/\/corrientesdetarde.com\/index.php\/wp-json\/wp\/v2\/comments?post=35000"}],"version-history":[{"count":1,"href":"https:\/\/corrientesdetarde.com\/index.php\/wp-json\/wp\/v2\/posts\/35000\/revisions"}],"predecessor-version":[{"id":35003,"href":"https:\/\/corrientesdetarde.com\/index.php\/wp-json\/wp\/v2\/posts\/35000\/revisions\/35003"}],"wp:featuredmedia":[{"embeddable":true,"href":"https:\/\/corrientesdetarde.com\/index.php\/wp-json\/wp\/v2\/media\/35002"}],"wp:attachment":[{"href":"https:\/\/corrientesdetarde.com\/index.php\/wp-json\/wp\/v2\/media?parent=35000"}],"wp:term":[{"taxonomy":"category","embeddable":true,"href":"https:\/\/corrientesdetarde.com\/index.php\/wp-json\/wp\/v2\/categories?post=35000"},{"taxonomy":"post_tag","embeddable":true,"href":"https:\/\/corrientesdetarde.com\/index.php\/wp-json\/wp\/v2\/tags?post=35000"}],"curies":[{"name":"wp","href":"https:\/\/api.w.org\/{rel}","templated":true}]}}