{"id":35004,"date":"2023-01-23T11:41:17","date_gmt":"2023-01-23T14:41:17","guid":{"rendered":"https:\/\/corrientesdetarde.com\/?p=35004"},"modified":"2023-01-23T11:41:21","modified_gmt":"2023-01-23T14:41:21","slug":"este-martes-24-arranca-el-pago-de-sueldos-de-enero-para-los-estatales-de-corrientes","status":"publish","type":"post","link":"https:\/\/corrientesdetarde.com\/index.php\/locales\/este-martes-24-arranca-el-pago-de-sueldos-de-enero-para-los-estatales-de-corrientes\/","title":{"rendered":"Este martes 24 arranca el pago de sueldos de enero para los estatales de Corrientes"},"content":{"rendered":"\n<p>El gobernador Gustavo Vald\u00e9s confirm\u00f3 el cronograma de pagos para los empleados p\u00fablicos. El esquema se completar\u00e1 el pr\u00f3ximo lunes 30.<\/p>\n\n\n\n<p>Este martes 24 arranca a pagarse el sueldo para los empleados p\u00fablicos de Corrientes. Se trata del salario correspondiente al mes de enero.<\/p>\n\n\n\n<p>El primer d\u00eda ser\u00e1 el turno de los trabajadores estatales con DNIs terminados en 0 y 1. Se podr\u00e1 cobrar en el Banco de Corrientes y los cajeros autom\u00e1ticos de la entidad.<\/p>\n\n\n\n<p>Mientras que el mi\u00e9rcoles 25 les tocar\u00e1 a los documentos 2 y 3. Al d\u00eda siguiente, 4 y 5.<\/p>\n\n\n\n<p>El cronograma continuar\u00e1 el viernes 27 para DNI 6 y 7. Se completar\u00e1 el pr\u00f3ximo lunes 30 con 8 y 9.<\/p>\n\n\n\n<p>Vale mencionar que este tramo estar\u00e1 disponible desde el s\u00e1bado 28 en cajeros autom\u00e1ticos del Banco de Corrientes.<\/p>\n\n\n\n<p>Con el pago de los haberes de enero 2023, el Gobierno de Corrientes acumular\u00e1 este mes una inversi\u00f3n salarial superior a los $17 mil millones.<\/p>\n\n\n\n<p>Para el pago de los sueldos, la inversi\u00f3n es de $10.750 millones; para abonar el Plus de Refuerzo, fue de $860 millones; para el segundo tramo del Bono Navide\u00f1o, fue de $4.500 millones, y para el Adicional Remunerativo Mensual (Plus Unificado) fue de $1.700 millones.&nbsp;<\/p>\n","protected":false},"excerpt":{"rendered":"<p>El gobernador Gustavo Vald\u00e9s confirm\u00f3 el cronograma de pagos para los empleados p\u00fablicos. El esquema se completar\u00e1 el pr\u00f3ximo lunes 30. Este martes 24 arranca a pagarse el sueldo para&hellip; <\/p>\n","protected":false},"author":4,"featured_media":35005,"comment_status":"closed","ping_status":"open","sticky":false,"template":"","format":"standard","meta":{"footnotes":""},"categories":[8],"tags":[],"class_list":["post-35004","post","type-post","status-publish","format-standard","has-post-thumbnail","hentry","category-locales"],"_links":{"self":[{"href":"https:\/\/corrientesdetarde.com\/index.php\/wp-json\/wp\/v2\/posts\/35004","targetHints":{"allow":["GET"]}}],"collection":[{"href":"https:\/\/corrientesdetarde.com\/index.php\/wp-json\/wp\/v2\/posts"}],"about":[{"href":"https:\/\/corrientesdetarde.com\/index.php\/wp-json\/wp\/v2\/types\/post"}],"author":[{"embeddable":true,"href":"https:\/\/corrientesdetarde.com\/index.php\/wp-json\/wp\/v2\/users\/4"}],"replies":[{"embeddable":true,"href":"https:\/\/corrientesdetarde.com\/index.php\/wp-json\/wp\/v2\/comments?post=35004"}],"version-history":[{"count":1,"href":"https:\/\/corrientesdetarde.com\/index.php\/wp-json\/wp\/v2\/posts\/35004\/revisions"}],"predecessor-version":[{"id":35006,"href":"https:\/\/corrientesdetarde.com\/index.php\/wp-json\/wp\/v2\/posts\/35004\/revisions\/35006"}],"wp:featuredmedia":[{"embeddable":true,"href":"https:\/\/corrientesdetarde.com\/index.php\/wp-json\/wp\/v2\/media\/35005"}],"wp:attachment":[{"href":"https:\/\/corrientesdetarde.com\/index.php\/wp-json\/wp\/v2\/media?parent=35004"}],"wp:term":[{"taxonomy":"category","embeddable":true,"href":"https:\/\/corrientesdetarde.com\/index.php\/wp-json\/wp\/v2\/categories?post=35004"},{"taxonomy":"post_tag","embeddable":true,"href":"https:\/\/corrientesdetarde.com\/index.php\/wp-json\/wp\/v2\/tags?post=35004"}],"curies":[{"name":"wp","href":"https:\/\/api.w.org\/{rel}","templated":true}]}}