{"id":35012,"date":"2023-01-23T11:51:35","date_gmt":"2023-01-23T14:51:35","guid":{"rendered":"https:\/\/corrientesdetarde.com\/?p=35012"},"modified":"2023-01-23T13:20:30","modified_gmt":"2023-01-23T16:20:30","slug":"desde-febrero-la-tarifa-del-remis-chaco-corrientes-costara-350","status":"publish","type":"post","link":"https:\/\/corrientesdetarde.com\/index.php\/economia\/desde-febrero-la-tarifa-del-remis-chaco-corrientes-costara-350\/","title":{"rendered":"Desde febrero, la tarifa del remis Chaco- Corrientes costar\u00e1 $350"},"content":{"rendered":"\n<p>Desde octubre el valor de ese servicio est\u00e1 $300 por pasajero. La inflaci\u00f3n general y la de los combustibles llev\u00f3 a ese sector del transporte liviano a planificar una actualizaci\u00f3n en su importe. Reconocen buena demanda por el turismo y las playas.<\/p>\n\n\n\n<p>La flota que realiza el servicio de remises entre la capital correntina y la chaque\u00f1a (Resistencia) inform\u00f3 que desde el 1 de febrero aplicar\u00e1 una modificaci\u00f3n en su tarifa, que ir\u00e1 de 300 a 350 pesos.<\/p>\n\n\n\n<p>&#8220;La variaci\u00f3n atiende al encarecimiento constante del costo de vida y tras las subas programadas en las naftas (efectivizadas en diciembre y enero; que proseguir\u00e1n en febrero y marzo) necesitamos actualizar el costo del servicio, incluso se analiz\u00f3 fijar una tarifa de 400 pesos&#8221;, dijo a \u00e9poca Eduardo Torres, titular de la \u00fanica empresa que presta este servicio, cuya base se halla emplazada en la zona del puerto capitalino.<\/p>\n\n\n\n<p>El referente a\u00f1adi\u00f3 que &#8220;la \u00faltima suba la aplicamos en octubre del a\u00f1o pasado y en esa oportunidad subi\u00f3 de 250 a 300 pesos&#8221;.<\/p>\n\n\n\n<p>En ese sentido, Torres destac\u00f3 que &#8220;estamos trabajando bien en lo que va de verano. Recuperamos el volumen de pasajeros que supimos tener antes de la pandemia. Cada coche hace unas siete vueltas completas por turno (56 pasajeros)&#8221;.<\/p>\n\n\n\n<p>No obstante, aclar\u00f3 que &#8220;tenemos s\u00f3lo diez coches en circulaci\u00f3n, estamos esperando que los municipios habiliten dos m\u00f3viles m\u00e1s&#8221;.<\/p>\n\n\n\n<p>&nbsp; &nbsp;&nbsp;<br>En ese sentido, el empresario remarc\u00f3: &#8220;Se complica agregar unidades a la flota porque hay muchos aspectos burocr\u00e1ticos que dificultan ampliar el parque automotor, m\u00e1s all\u00e1 de que siempre hay interesados en trabajar en este servicio&#8221;.<\/p>\n\n\n\n<p>Con esa tesitura, Torres sostuvo que &#8220;para sumarse a nuestro rubro, los autos tienen que ser blancos y deben tener las francas verdes y rojas, cuyo ploteado demanda hoy en d\u00eda una inversi\u00f3n de entre 80 y 90 mil pesos&#8221;.<\/p>\n\n\n\n<p>Hay que recordar que hasta antes del parate generado por el brote de COVID-19 (20 de marzo de 2020), el parque automotor del servicio de remises interprovinciales totalizaba 36 unidades, identificadas siempre con el color blanco y franjas verdes y rojas, divididos en dos flotas. Actualmente, s\u00f3lo queda operativa una empresa con diez m\u00f3viles.<\/p>\n\n\n\n<p>Bodas de plata<br>El servicio interprovincial de remises tiene ya 25 a\u00f1os de actividad (se origin\u00f3 en 1998) y en todo este tiempo enfrent\u00f3 varias coyunturas adversas.<\/p>\n\n\n\n<p>Sus principales clientes o usuarios son los estudiantes universitarios y las personas que trabajan en alguna de las dos capitales, mientras que viven en la otra.<\/p>\n\n\n\n<p>En etapas de receso estival o invernal, los turistas que eligen vacacionar en esta parte del pa\u00eds u ocasionales ba\u00f1istas dinamizan la actividad de este sector del transporte liviano.<\/p>\n\n\n\n<p>Los remises interprovinciales prestan servicio de lunes a s\u00e1bado de 6 a 20. &#8220;Como hay pocos coches, los choferes decidieron parar unos domingos para descansar, pero desde la semana que viene tambi\u00e9n habr\u00e1 servicio los domingos&#8221;, aclar\u00f3 Torres.<\/p>\n\n\n\n<p>A\u00f1os atr\u00e1s, la disponibilidad de esta prestaci\u00f3n era durante las 24 horas.<\/p>\n","protected":false},"excerpt":{"rendered":"<p>Desde octubre el valor de ese servicio est\u00e1 $300 por pasajero. La inflaci\u00f3n general y la de los combustibles llev\u00f3 a ese sector del transporte liviano a planificar una actualizaci\u00f3n&hellip; <\/p>\n","protected":false},"author":4,"featured_media":35016,"comment_status":"closed","ping_status":"open","sticky":false,"template":"","format":"standard","meta":{"footnotes":""},"categories":[20],"tags":[],"class_list":["post-35012","post","type-post","status-publish","format-standard","has-post-thumbnail","hentry","category-economia"],"_links":{"self":[{"href":"https:\/\/corrientesdetarde.com\/index.php\/wp-json\/wp\/v2\/posts\/35012","targetHints":{"allow":["GET"]}}],"collection":[{"href":"https:\/\/corrientesdetarde.com\/index.php\/wp-json\/wp\/v2\/posts"}],"about":[{"href":"https:\/\/corrientesdetarde.com\/index.php\/wp-json\/wp\/v2\/types\/post"}],"author":[{"embeddable":true,"href":"https:\/\/corrientesdetarde.com\/index.php\/wp-json\/wp\/v2\/users\/4"}],"replies":[{"embeddable":true,"href":"https:\/\/corrientesdetarde.com\/index.php\/wp-json\/wp\/v2\/comments?post=35012"}],"version-history":[{"count":2,"href":"https:\/\/corrientesdetarde.com\/index.php\/wp-json\/wp\/v2\/posts\/35012\/revisions"}],"predecessor-version":[{"id":35018,"href":"https:\/\/corrientesdetarde.com\/index.php\/wp-json\/wp\/v2\/posts\/35012\/revisions\/35018"}],"wp:featuredmedia":[{"embeddable":true,"href":"https:\/\/corrientesdetarde.com\/index.php\/wp-json\/wp\/v2\/media\/35016"}],"wp:attachment":[{"href":"https:\/\/corrientesdetarde.com\/index.php\/wp-json\/wp\/v2\/media?parent=35012"}],"wp:term":[{"taxonomy":"category","embeddable":true,"href":"https:\/\/corrientesdetarde.com\/index.php\/wp-json\/wp\/v2\/categories?post=35012"},{"taxonomy":"post_tag","embeddable":true,"href":"https:\/\/corrientesdetarde.com\/index.php\/wp-json\/wp\/v2\/tags?post=35012"}],"curies":[{"name":"wp","href":"https:\/\/api.w.org\/{rel}","templated":true}]}}