{"id":35022,"date":"2023-01-23T12:29:30","date_gmt":"2023-01-23T15:29:30","guid":{"rendered":"https:\/\/corrientesdetarde.com\/?p=35022"},"modified":"2023-01-23T12:30:07","modified_gmt":"2023-01-23T15:30:07","slug":"carnavales-barriales-en-los-talleres-setejen-los-suenos-de-miles-de-comparseroscontrarreloj-pero-con-el-entusiasmo-y-la-energia-del-primer-dia-comparseros-colaboradores-y-familias-enteras-se-reune","status":"publish","type":"post","link":"https:\/\/corrientesdetarde.com\/index.php\/cultura\/carnavales-barriales-en-los-talleres-setejen-los-suenos-de-miles-de-comparseroscontrarreloj-pero-con-el-entusiasmo-y-la-energia-del-primer-dia-comparseros-colaboradores-y-familias-enteras-se-reune\/","title":{"rendered":"Carnavales Barriales: en los talleres se tejen los sue\u00f1os de miles de comparseros \u00a0"},"content":{"rendered":"\n<p>Contrarreloj, pero con el entusiasmo y la energ\u00eda del primer d\u00eda, comparseros, colaboradores y familias enteras se re\u00fanen en los diferentes talleres de las comparsas barriales para el armado de trajes y carrozas. De esta manera, avanzan con los \u00faltimos preparativos para la fiesta carnestolenda municipal, que dar\u00e1 el inicio el pr\u00f3ximo jueves 26 en el Ba\u00f1ado Norte.\u00a0<\/p>\n\n\n\n<p>Faltan pocos d\u00edas para el inicio de los Carnavales Barriales 2023, y miles de comparseros redoblan el esfuerzo para llegar a tiempo con los trajes y carrozas. Galpones, garajes y habitaciones se convierten por estos meses en los espacios donde se tejen los sue\u00f1os de miles de artistas amateurs, protagonistas de una de las m\u00e1ximas fiestas populares organizadas por la Municipalidad de Corrientes, y que identifican a la capital correntina.\u00a0<br><br>Solidaridad y familia son dos palabras que podr\u00edan identificar a quienes integran la hist\u00f3rica comparsa humor\u00edstica Los Dandys. En la casa de M\u00f3nica Retamero, coordinadora general de la agrupaci\u00f3n, una habitaci\u00f3n se convirti\u00f3 en el taller carnavalero donde se reciclan trajes de ediciones pasadas, y otros donados por \u201clas comparsas grandes (las del corso oficial)\u201d, coment\u00f3 M\u00f3nica. En la mayor\u00eda de los casos, se utilizan cartones, botellas de pl\u00e1stico, entre otros materiales para confeccionar nuevo vestuario en un claro compromiso con el ambiente.\u00a0<br><br>\u201cContamos con un banco solidario en el que reciclamos trajes e instrumentos donados, clasificamos por piezas, separando lentejuelas, piedras, canutillos. Y con las chapitas de las gaseosas confeccionamos los rocars de la escuela de samba\u201d, detall\u00f3. \u201cReciclar y recuperar es nuestra tarea todos los a\u00f1os\u201d, remarc\u00f3 luego M\u00f3nica.\u00a0<br><br>Adem\u00e1s del aporte econ\u00f3mico que le brinda la Municipalidad de Corrientes, cont\u00f3 que \u201cla familia dandylera trabaja todo el a\u00f1o en las ferias de la ciudad con un stand para contar con otra entrada econ\u00f3mica para el sostenimiento de la comparsa\u201d.\u00a0<br><br>Destac\u00f3 tambi\u00e9n los diferentes cursos de carnaval desarrollados por el municipio \u201cya que todo lo aprendido lo aplicamos\u201d, dijo la referente de esta hist\u00f3rica agrupaci\u00f3n humor\u00edstica que este a\u00f1o presenta \u201cLa fantas\u00eda de seguir siendo payasos\u201d.\u00a0<br><br>SOLIDARIDAD Y COMUNIDAD\u00a0<br>Ni el sofocante calor de estos \u00faltimos d\u00edas detiene la tarea de los integrantes de la comparsa \u00d1and\u00e9 Mbaret\u00e9. Divididos en grupos, abuelas, madres y padres, pegan y cosen lentejuelas y piedras, construyen armazones para las carrozas, mientras comparseros ensayan coreograf\u00edas y ritmos en un galp\u00f3n prestado por un vecino del barrio Juan XXIII.\u00a0<br><br>\u00a0\u201cEsto es un gran trabajo comunitario y solidario\u201d, enfatiz\u00f3 Nancy Coronel, coordinadora general de la comparsa \u00d1ande Mbaret\u00e9 que este a\u00f1o presenta \u201cLeyenda urbana: la rubia Mireya\u201d.\u00a0<br><br>Como la gran mayor\u00eda de las comparsas barriales, el reciclaje es una de las premisas a la hora de poner manos a la obra. \u201cEn este galp\u00f3n trabaja la comisi\u00f3n y un grupo de padres solidarios en la confecci\u00f3n de las carrozas y trajes utilizando botellas de pl\u00e1stico, ti\u00f1endo plumas y telas. Siempre estamos reinvent\u00e1ndonos con los materiales existentes\u201d, sostuvo.\u00a0<br><br>Cartones, latas de cerveza, diarios, revistas, forman parte de lo reutilizado, adem\u00e1s de zapatos, armazones de espaldares y casquetes \u201cdonados por la gente que luego los chicos \u2018tunean\u2019 para usar estas seis noches de carnaval y despu\u00e9s devuelven para que puedan ser utilizados por otros el a\u00f1o que viene\u201d, detall\u00f3 Nancy.\u00a0<br><br>Si bien \u201ccontamos con un subsidio que nos brinda la Municipalidad, para nosotros es muy importante la venta de rifas con sorteos de interesantes premios para recaudar fondos que nos permita cubrir todos los gastos que tenemos\u201d, cont\u00f3.\u00a0<br><br>MATERIALES RECICLADOS<br>Con apenas cinco a\u00f1os de existencia, la comparsa Aram\u00fa del barrio Ba\u00f1ado Norte se caracteriza por un gran porcentaje de sus trajes confeccionados con materiales reciclables.\u00a0<br><br>As\u00ed, con plumas hechas en telas y boas con bolsas de pl\u00e1stico, se confeccionan casquetes y espaldares en una vivienda de la calle V\u00e9lez Sarsfield. Adem\u00e1s, le dan \u201cuna segunda oportunidad\u201d a sorbetes, botellas pl\u00e1sticas, cds, chapitas, latas de gaseosas y focos, entre otros.\u00a0<br><br>D\u00edas y noches de desvelo re\u00fane a un grupo de se\u00f1oras, pegando materiales y armando estructuras, \u201cmujeres que me acompa\u00f1an todos los d\u00edas y a quienes les agradezco su apoyo\u201d, dijo con l\u00e1grimas en los ojos por la emoci\u00f3n la presidenta de la comparsa, Griselda Bull\u00f3n.\u00a0<br><br>\u201cMe emociono porque es un trabajo con mucha fuerza y ganas que le estamos poniendo para salir a brillar en estos carnavales, familias enteras que colaboran para lograr nuestro objetivo\u201d, confes\u00f3. \u00a0<br><br>En esta edici\u00f3n, su tema se referir\u00e1 a un personaje de la mitolog\u00eda griega \u201cLa leyenda del pegazo\u201d. \u201cContamos con una ayuda econ\u00f3mica del Municipio, al que agradecemos, pero tambi\u00e9n hacemos diferentes beneficios para poder solventar todos los gastos, as\u00ed s\u00e1bados y domingos hay venta de pastelitos, empanadas y participamos en ferias provinciales y municipales\u201d, enumer\u00f3 sobre las diferentes formas en que se sostiene esta agrupaci\u00f3n carnavalera. \u00a0<br><br>Como ellas, la treintena comparsas que participan de los corsos barriales ponen pasi\u00f3n, trabajo y horas de dedicaci\u00f3n para brillar en cada edici\u00f3n de Momo y as\u00ed reivindicar por qu\u00e9 Corrientes es \u201cCapital Nacional del Carnaval\u201d.<\/p>\n\n\n\n<figure class=\"wp-block-embed is-type-video is-provider-youtube wp-block-embed-youtube wp-embed-aspect-16-9 wp-has-aspect-ratio\"><div class=\"wp-block-embed__wrapper\">\n<iframe loading=\"lazy\" title=\"Carnavales Barriales: en los talleres se tejen los sue\u00f1os de miles de comparseros\" width=\"1110\" height=\"624\" src=\"https:\/\/www.youtube.com\/embed\/SdJulTJZbAU?feature=oembed\" frameborder=\"0\" allow=\"accelerometer; autoplay; clipboard-write; encrypted-media; gyroscope; picture-in-picture; web-share\" allowfullscreen><\/iframe>\n<\/div><\/figure>\n","protected":false},"excerpt":{"rendered":"<p>Contrarreloj, pero con el entusiasmo y la energ\u00eda del primer d\u00eda, comparseros, colaboradores y familias enteras se re\u00fanen en los diferentes talleres de las comparsas barriales para el armado de&hellip; <\/p>\n","protected":false},"author":1,"featured_media":35023,"comment_status":"closed","ping_status":"open","sticky":false,"template":"","format":"standard","meta":{"footnotes":""},"categories":[15],"tags":[],"class_list":["post-35022","post","type-post","status-publish","format-standard","has-post-thumbnail","hentry","category-cultura"],"_links":{"self":[{"href":"https:\/\/corrientesdetarde.com\/index.php\/wp-json\/wp\/v2\/posts\/35022","targetHints":{"allow":["GET"]}}],"collection":[{"href":"https:\/\/corrientesdetarde.com\/index.php\/wp-json\/wp\/v2\/posts"}],"about":[{"href":"https:\/\/corrientesdetarde.com\/index.php\/wp-json\/wp\/v2\/types\/post"}],"author":[{"embeddable":true,"href":"https:\/\/corrientesdetarde.com\/index.php\/wp-json\/wp\/v2\/users\/1"}],"replies":[{"embeddable":true,"href":"https:\/\/corrientesdetarde.com\/index.php\/wp-json\/wp\/v2\/comments?post=35022"}],"version-history":[{"count":2,"href":"https:\/\/corrientesdetarde.com\/index.php\/wp-json\/wp\/v2\/posts\/35022\/revisions"}],"predecessor-version":[{"id":35025,"href":"https:\/\/corrientesdetarde.com\/index.php\/wp-json\/wp\/v2\/posts\/35022\/revisions\/35025"}],"wp:featuredmedia":[{"embeddable":true,"href":"https:\/\/corrientesdetarde.com\/index.php\/wp-json\/wp\/v2\/media\/35023"}],"wp:attachment":[{"href":"https:\/\/corrientesdetarde.com\/index.php\/wp-json\/wp\/v2\/media?parent=35022"}],"wp:term":[{"taxonomy":"category","embeddable":true,"href":"https:\/\/corrientesdetarde.com\/index.php\/wp-json\/wp\/v2\/categories?post=35022"},{"taxonomy":"post_tag","embeddable":true,"href":"https:\/\/corrientesdetarde.com\/index.php\/wp-json\/wp\/v2\/tags?post=35022"}],"curies":[{"name":"wp","href":"https:\/\/api.w.org\/{rel}","templated":true}]}}