{"id":35030,"date":"2023-01-23T13:07:20","date_gmt":"2023-01-23T16:07:20","guid":{"rendered":"https:\/\/corrientesdetarde.com\/?p=35030"},"modified":"2023-01-23T13:07:25","modified_gmt":"2023-01-23T16:07:25","slug":"llevo-de-urgencia-a-su-hijita-de-2-anos-al-hospital-por-una-caida-y-la-acusan-de-matarla-a-golpes","status":"publish","type":"post","link":"https:\/\/corrientesdetarde.com\/index.php\/crimen-y-justicia\/llevo-de-urgencia-a-su-hijita-de-2-anos-al-hospital-por-una-caida-y-la-acusan-de-matarla-a-golpes\/","title":{"rendered":"Llev\u00f3 de urgencia a su hijita de 2 a\u00f1os al hospital por una ca\u00edda y la acusan de matarla a golpes"},"content":{"rendered":"\n<h2 class=\"wp-block-heading\">La Polic\u00eda Cient\u00edfica detect\u00f3 que la beba ten\u00eda signos de golpes y maltrato infantil previos al d\u00eda de su muerte y tambi\u00e9n una pierna fracturada.<\/h2>\n\n\n\n<p>Una mujer lleg\u00f3 al Hospital Zonal General de Agudos H\u00e9roes de Malvinas con su peque\u00f1a hijita de dos a\u00f1os ya muerta y\u00a0mencion\u00f3 que se hab\u00eda ca\u00eddo de la cama, pero la Justicia investiga si la menor fue asesinada a\u00a0<strong>golpes<\/strong>.<\/p>\n\n\n\n<p>Los hematomas que presentaba la\u00a0beba\u00a0<strong>en la cara y en el abdomen\u00a0<\/strong>no pasaron desapercibidos para los m\u00e9dicos del hospital ubicado sobre la avenida Doctor Ricardo Balb\u00ednm, en la localidad de Parque San Mart\u00edn, por lo que dieron intervenci\u00f3n a la polic\u00eda y se abri\u00f3 una investigaci\u00f3n para establecer cu\u00e1l fue la causa de su muerte.<\/p>\n\n\n\n<p>De acuerdo al relato de la mam\u00e1, una mujer de tan solo 22 a\u00f1os, el \u201caccidente\u201d ocurri\u00f3 alrededor de las 22 horas del d\u00eda martes pasado en su casa de la calle Jos\u00e9 Ingenieros al 1200, mientras ella preparaba la comida para su familia. En un descuido la beba se cay\u00f3 de la cama en donde estaba descansando y al d\u00eda siguiente amaneci\u00f3 conv\u00f3mitos y convulsiones.<\/p>\n\n\n\n<p>Luego de que los medicos alertaran a las autoridades sobre las marcas de&nbsp;<strong>golpes&nbsp;<\/strong>que ten\u00eda en el cuerpo la beba, el mismo fue revisado por los peritos policales que constataron la existencia de las lesiones y agregaron, adem\u00e1s, que la v\u00edctima ten\u00eda una pierna fracturada y signos de haber&nbsp;sufrido maltratos previos&nbsp;al momento de su fallecimiento.<\/p>\n\n\n\n<p>De esta forma, la causa, en un principio se abri\u00f3 como \u201cAveriguaci\u00f3n de causales de muerte\u201d, pero fue recaratulada tras el informede los peritos como \u201cHomicidio agravado\u201d y qued\u00f3 a cargo de la fiscal Adriana Elizabeth Su\u00e1rez Corripio, de la Unidad Funcional N\u00b0 8 de los tribunales de esa jurisicci\u00f3n.<\/p>\n\n\n\n<p><img loading=\"lazy\" decoding=\"async\" src=\"https:\/\/radiomitre-la100-prod.cdn.arcpublishing.com\/resizer\/T-QIB7tBllIbHUfyFbsUZbjMuS4=\/filters:format(webp)\/cloudfront-us-east-1.images.arcpublishing.com\/radiomitre\/URVL4MO5MRDY5CJG7TBY4R4S4Q.png\" width=\"100\" height=\"100\" alt=\"Llev\u00f3 a su beba muerta al hospital con hematomas en la cara y el abdomen, dijo que se cay\u00f3 de la cama y creen que la asesin\u00f3 a golpes\" srcset=\"https:\/\/radiomitre-la100-prod.cdn.arcpublishing.com\/resizer\/ppEgfdLt4AQ0LMMOJEGTQ-Lmk-w=\/265x0\/smart\/filters:quality(85):format(webp)\/cloudfront-us-east-1.images.arcpublishing.com\/radiomitre\/URVL4MO5MRDY5CJG7TBY4R4S4Q.png 265w, https:\/\/radiomitre-la100-prod.cdn.arcpublishing.com\/resizer\/fL62ncAzp9A0citnjqCVrQsuoGQ=\/420x0\/smart\/filters:quality(85):format(webp)\/cloudfront-us-east-1.images.arcpublishing.com\/radiomitre\/URVL4MO5MRDY5CJG7TBY4R4S4Q.png 420w, https:\/\/radiomitre-la100-prod.cdn.arcpublishing.com\/resizer\/HUWv1tBX8AoDKie6AGyJxQ7J2a4=\/768x0\/smart\/filters:quality(85):format(webp)\/cloudfront-us-east-1.images.arcpublishing.com\/radiomitre\/URVL4MO5MRDY5CJG7TBY4R4S4Q.png 768w, https:\/\/radiomitre-la100-prod.cdn.arcpublishing.com\/resizer\/DASDQa7jrMDx0ANlIRwTptxLmXE=\/992x0\/smart\/filters:quality(85):format(webp)\/cloudfront-us-east-1.images.arcpublishing.com\/radiomitre\/URVL4MO5MRDY5CJG7TBY4R4S4Q.png 992w, https:\/\/radiomitre-la100-prod.cdn.arcpublishing.com\/resizer\/QXcEeRs4oIqMUEthqbtXpEecg2s=\/1200x0\/smart\/filters:quality(85):format(webp)\/cloudfront-us-east-1.images.arcpublishing.com\/radiomitre\/URVL4MO5MRDY5CJG7TBY4R4S4Q.png 1200w, https:\/\/radiomitre-la100-prod.cdn.arcpublishing.com\/resizer\/CgxZVFt_VXZFlUuVDEL6Xwtb9Pw=\/1440x0\/smart\/filters:quality(85):format(webp)\/cloudfront-us-east-1.images.arcpublishing.com\/radiomitre\/URVL4MO5MRDY5CJG7TBY4R4S4Q.png 1440w\"><\/p>\n\n\n\n<p>Llev\u00f3 a su beba muerta al hospital con hematomas en la cara y el abdomen, dijo que se cay\u00f3 de la cama y creen que la asesin\u00f3 a golpes<\/p>\n\n\n\n<p><strong>\u00bfD\u00f3nde denunciar maltrato infantil en Argentina?<\/strong><\/p>\n\n\n\n<p>La&nbsp;l\u00ednea&nbsp;<strong>144&nbsp;<\/strong>est\u00e1 destinada a la atenci\u00f3n gratuita de personas v\u00edctimas de violencia. Adem\u00e1s, la ciudad tiene un Programa de Asistencia al Maltrato Infantil, que realiza admisiones sin turno previo en CIM Elvira Rawson (Jer\u00f3nimo Salguero 765) de lunes a viernes de 8 a 15. O bien&nbsp;llamando al 4867-0163.<\/p>\n\n\n\n<p>Tambi\u00e9n funciona el Centro Integral Especializado en Ni\u00f1ez y Adolescencia Feliciana Manuela, que est\u00e1 en Malabia 2139. De lunes a viernes de 8.30 a 14, con la atenci\u00f3n&nbsp;telef\u00f3nica en el 7507-1570<\/p>\n\n\n\n<p><\/p>\n","protected":false},"excerpt":{"rendered":"<p>La Polic\u00eda Cient\u00edfica detect\u00f3 que la beba ten\u00eda signos de golpes y maltrato infantil previos al d\u00eda de su muerte y tambi\u00e9n una pierna fracturada. Una mujer lleg\u00f3 al Hospital&hellip; <\/p>\n","protected":false},"author":1,"featured_media":35031,"comment_status":"closed","ping_status":"open","sticky":false,"template":"","format":"standard","meta":{"footnotes":""},"categories":[5],"tags":[],"class_list":["post-35030","post","type-post","status-publish","format-standard","has-post-thumbnail","hentry","category-crimen-y-justicia"],"_links":{"self":[{"href":"https:\/\/corrientesdetarde.com\/index.php\/wp-json\/wp\/v2\/posts\/35030","targetHints":{"allow":["GET"]}}],"collection":[{"href":"https:\/\/corrientesdetarde.com\/index.php\/wp-json\/wp\/v2\/posts"}],"about":[{"href":"https:\/\/corrientesdetarde.com\/index.php\/wp-json\/wp\/v2\/types\/post"}],"author":[{"embeddable":true,"href":"https:\/\/corrientesdetarde.com\/index.php\/wp-json\/wp\/v2\/users\/1"}],"replies":[{"embeddable":true,"href":"https:\/\/corrientesdetarde.com\/index.php\/wp-json\/wp\/v2\/comments?post=35030"}],"version-history":[{"count":1,"href":"https:\/\/corrientesdetarde.com\/index.php\/wp-json\/wp\/v2\/posts\/35030\/revisions"}],"predecessor-version":[{"id":35032,"href":"https:\/\/corrientesdetarde.com\/index.php\/wp-json\/wp\/v2\/posts\/35030\/revisions\/35032"}],"wp:featuredmedia":[{"embeddable":true,"href":"https:\/\/corrientesdetarde.com\/index.php\/wp-json\/wp\/v2\/media\/35031"}],"wp:attachment":[{"href":"https:\/\/corrientesdetarde.com\/index.php\/wp-json\/wp\/v2\/media?parent=35030"}],"wp:term":[{"taxonomy":"category","embeddable":true,"href":"https:\/\/corrientesdetarde.com\/index.php\/wp-json\/wp\/v2\/categories?post=35030"},{"taxonomy":"post_tag","embeddable":true,"href":"https:\/\/corrientesdetarde.com\/index.php\/wp-json\/wp\/v2\/tags?post=35030"}],"curies":[{"name":"wp","href":"https:\/\/api.w.org\/{rel}","templated":true}]}}