{"id":35163,"date":"2023-01-24T09:25:52","date_gmt":"2023-01-24T12:25:52","guid":{"rendered":"https:\/\/corrientesdetarde.com\/?p=35163"},"modified":"2023-01-24T09:25:55","modified_gmt":"2023-01-24T12:25:55","slug":"mauricio-macri-maduro-tuvo-miedo","status":"publish","type":"post","link":"https:\/\/corrientesdetarde.com\/index.php\/nacionales\/mauricio-macri-maduro-tuvo-miedo\/","title":{"rendered":"<strong>Mauricio Macri: \u201cMaduro tuvo miedo\u201d<\/strong>"},"content":{"rendered":"\n<p>El ex presidente se expres\u00f3 respecto de la decisi\u00f3n del dictador venezolano de no venir a Buenos Aires para la cumbre de la CELAC<\/p>\n\n\n\n<p>El ex presidente Mauricio Macri celebr\u00f3 este lunes por la noche la decisi\u00f3n del dictador de Venezuela, Nicol\u00e1s Maduro, de no venir a la Argentina para participar de la pr\u00f3xima cumbre de la Comunidad de Estados Latinoamericanos y Caribe\u00f1os (CELAC), que se realizar\u00e1 en Buenos Aires.&nbsp;<strong>\u201cMaduro tuvo miedo. Se dio cuenta de que algo est\u00e1 cambiando en la Argentina\u201d<\/strong>, consider\u00f3 el ex mandatario nacional en un breve mensaje que public\u00f3 en su cuenta oficial de Twitter.<\/p>\n\n\n\n<p>La decisi\u00f3n del l\u00edder del r\u00e9gimen chavista, que hab\u00eda sido invitado a la reuni\u00f3n por el presidente Alberto Fern\u00e1ndez, se dio a conocer m\u00e1s temprano a trav\u00e9s de un comunicado oficial de ese pa\u00eds, que detall\u00f3 que en su lugar estar\u00e1 su canciller,&nbsp;<strong>Yv\u00e1n Gil<\/strong>.<\/p>\n\n\n\n<p>Si bien en un momento se especul\u00f3 con la posibilidad de que Maduro participara de manera presencial de la cumbre, que comenzar\u00e1 este martes, su posible arribo hab\u00eda generado pol\u00e9mica y la cr\u00edtica por parte de la oposici\u00f3n, principalmente de Juntos por el Cambio, y de los venezolanos residentes en la Argentina.<\/p>\n\n\n\n<p>De hecho, el propio Macri hab\u00eda publicado una carta titulada \u201cVerg\u00fcenza y Esperanza\u201d, en la que repudi\u00f3 la eventual llegada del dictador y de su par de Cuba,&nbsp;<strong>Miguel D\u00edaz-Canel<\/strong>, quien s\u00ed asistir\u00e1 al evento y ya se encuentra en Buenos Aires.<\/p>\n\n\n\n<p>\u201cLa inmensa mayor\u00eda de los argentinos sentimos verg\u00fcenza de que nuestro pa\u00eds se asocie con otros donde hay persecuci\u00f3n, tortura, narcoterrorismo, presos pol\u00edticos y elecciones fraudulentas que se burlan de la democracia\u201d, comenz\u00f3 el comunicado del l\u00edder del PRO, que comparti\u00f3 en sus redes personales.<\/p>\n\n\n\n<p>Sobre esto, y enviando un mensaje directo a los argentinos, el ex jefe de Estado hab\u00eda expresado: \u201cLa bienvenida a estos dictadores no la organizamos nosotros los argentinos, sino un gobierno que languidece en su mediocridad, uno que pronto se llevar\u00e1 el desgraciado honor de haber sido el peor gobierno de la historia de la democracia de nuestro pa\u00eds\u201d.<\/p>\n\n\n\n<p>En sinton\u00eda, la titular del PRO,&nbsp;<strong>Patricia Bullrich<\/strong>, realiz\u00f3 una presentaci\u00f3n ante la Administraci\u00f3n para el Control de Drogas (DEA, por sus siglas en ingl\u00e9s) de los Estados Unidos para solicitar la captura de Madura en caso de que aterrizara en Buenos Aires.<\/p>\n\n\n\n<p>La dirigente opositora sostuvo que para la Argentina \u201ces muy importante luchar contra los pol\u00edticos involucrados en organizaciones criminales\u201d, por lo que la colaboraci\u00f3n con el organismo norteamericano era \u201cpor el bien de nuestras democracias\u201d.<\/p>\n\n\n\n<p>En este contexto, Alberto Fern\u00e1ndez&nbsp;hab\u00eda defendido la invitaci\u00f3n que le hizo a Maduro, al se\u00f1alar, durante una entrevista con un medio brasile\u00f1o, que \u201cVenezuela es parte de la CELAC\u201d, por lo que el dictador estaba \u201cm\u00e1s que invitado\u201d.<\/p>\n\n\n\n<p>Finalmente, el r\u00e9gimen chavista emiti\u00f3 este lunes un comunicado en el que confirm\u00f3 que su l\u00edder no iba a viajar a la Argentina, argumentando que fueron \u201cinformados de manera irrebatible de un plan elaborado en el seno de la derecha neofascista\u201d, cuyo objetivo era, supuestamente, \u201cllevar a cabo una serie de agresiones\u201d en contra de su delegaci\u00f3n.<\/p>\n\n\n\n<p>En vista de ello, prosigue el escrito, el dictador tom\u00f3 \u201cla decisi\u00f3n responsable\u201d de enviar al canciller, Yv\u00e1n Gil, \u201ccomo jefe de delegaci\u00f3n con las instrucciones de llevar la voz del pueblo de Venezuela\u201d.<\/p>\n\n\n\n<p>En esta l\u00ednea, consideraron que sectores de la derecha pretend\u00edan \u201cmontar un show deplorable a fin de perturbar los efectos positivos\u201d de la cumbre, \u201cy as\u00ed contribuir a la campa\u00f1a de descr\u00e9dito\u201d contra Venezuela, un plan, aseguraron, \u201cemprendido\u201d desde Estados Unidos.<\/p>\n\n\n\n<p>Por su parte, el canciller Gil&nbsp;lleg\u00f3 este mismo lunes al<\/p>\n\n\n\n<p>mediod\u00eda a Buenos Aires en un vuelo privado, pudo saber&nbsp;<strong>Infobae<\/strong>&nbsp;de fuentes aeron\u00e1uticas. La aeronave, un Lear Jet 60, matr\u00edcula LV CCO, parti\u00f3 desde Caracas e hizo escala en Santa Cruz de la Sierra (Bolivia).<\/p>\n","protected":false},"excerpt":{"rendered":"<p>El ex presidente se expres\u00f3 respecto de la decisi\u00f3n del dictador venezolano de no venir a Buenos Aires para la cumbre de la CELAC El ex presidente Mauricio Macri celebr\u00f3&hellip; <\/p>\n","protected":false},"author":7,"featured_media":35167,"comment_status":"closed","ping_status":"open","sticky":false,"template":"","format":"standard","meta":{"footnotes":""},"categories":[10],"tags":[],"class_list":["post-35163","post","type-post","status-publish","format-standard","has-post-thumbnail","hentry","category-nacionales"],"_links":{"self":[{"href":"https:\/\/corrientesdetarde.com\/index.php\/wp-json\/wp\/v2\/posts\/35163","targetHints":{"allow":["GET"]}}],"collection":[{"href":"https:\/\/corrientesdetarde.com\/index.php\/wp-json\/wp\/v2\/posts"}],"about":[{"href":"https:\/\/corrientesdetarde.com\/index.php\/wp-json\/wp\/v2\/types\/post"}],"author":[{"embeddable":true,"href":"https:\/\/corrientesdetarde.com\/index.php\/wp-json\/wp\/v2\/users\/7"}],"replies":[{"embeddable":true,"href":"https:\/\/corrientesdetarde.com\/index.php\/wp-json\/wp\/v2\/comments?post=35163"}],"version-history":[{"count":1,"href":"https:\/\/corrientesdetarde.com\/index.php\/wp-json\/wp\/v2\/posts\/35163\/revisions"}],"predecessor-version":[{"id":35168,"href":"https:\/\/corrientesdetarde.com\/index.php\/wp-json\/wp\/v2\/posts\/35163\/revisions\/35168"}],"wp:featuredmedia":[{"embeddable":true,"href":"https:\/\/corrientesdetarde.com\/index.php\/wp-json\/wp\/v2\/media\/35167"}],"wp:attachment":[{"href":"https:\/\/corrientesdetarde.com\/index.php\/wp-json\/wp\/v2\/media?parent=35163"}],"wp:term":[{"taxonomy":"category","embeddable":true,"href":"https:\/\/corrientesdetarde.com\/index.php\/wp-json\/wp\/v2\/categories?post=35163"},{"taxonomy":"post_tag","embeddable":true,"href":"https:\/\/corrientesdetarde.com\/index.php\/wp-json\/wp\/v2\/tags?post=35163"}],"curies":[{"name":"wp","href":"https:\/\/api.w.org\/{rel}","templated":true}]}}