{"id":35178,"date":"2023-01-24T09:37:08","date_gmt":"2023-01-24T12:37:08","guid":{"rendered":"https:\/\/corrientesdetarde.com\/?p=35178"},"modified":"2023-01-24T09:37:12","modified_gmt":"2023-01-24T12:37:12","slug":"la-sip-lamento-la-participacion-de-los-regimenes-de-cuba-nicaragua-y-venezuela-en-la-cumbre-de-la-celac","status":"publish","type":"post","link":"https:\/\/corrientesdetarde.com\/index.php\/internacionales\/la-sip-lamento-la-participacion-de-los-regimenes-de-cuba-nicaragua-y-venezuela-en-la-cumbre-de-la-celac\/","title":{"rendered":"<strong>La SIP lament\u00f3 la participaci\u00f3n de los reg\u00edmenes de Cuba, Nicaragua y Venezuela en la cumbre de la CELAC<\/strong>"},"content":{"rendered":"\n<p>La Organizaci\u00f3n se\u00f1al\u00f3 que se trata de las tres pa\u00edses en los hay mayor represi\u00f3n de las libertades de prensa y expresi\u00f3n en la regi\u00f3n<\/p>\n\n\n\n<p>La&nbsp;<strong>Sociedad Interamericana de Prensa (SIP)<\/strong>&nbsp;lament\u00f3 este lunes la presencia del dictador de Cuba,&nbsp;<strong>Miguel D\u00edaz-Canel<\/strong>, y los cancilleres de&nbsp;<strong>Nicaragua&nbsp;<\/strong>y&nbsp;<strong>Venezuela&nbsp;<\/strong>en la&nbsp;<strong>Cumbre de Estados Latinoamericanos y Caribe\u00f1os<\/strong>&nbsp;(CELAC), \u201clos tres Gobiernos m\u00e1s represores de las libertades de prensa y expresi\u00f3n y del periodismo en las Am\u00e9ricas\u201d, expres\u00f3 en un comunicado la entidad con sede en Miami, Florida (EEUU).<\/p>\n\n\n\n<p>La VII cumbre de la CELAC se inaugurar\u00e1 este martes en la capital argentina, Buenos Aires, y&nbsp;<strong>los tres pa\u00edses fueron invitados por el Gobierno de Alberto Fern\u00e1ndez<\/strong>, quien es a su vez presidente pro tempore de este mecanismo intergubernamental de \u00e1mbito regional.<\/p>\n\n\n\n<p>\u201cSi la invitaci\u00f3n obedece a cumplir el objetivo de promover el di\u00e1logo y el acuerdo pol\u00edtico en el continente, ello exig\u00eda un compromiso previo de cada integrante del foro regional de poner fin a la represi\u00f3n y a la violaci\u00f3n sistem\u00e1tica de los derechos humanos\u201d, se\u00f1ala el comunicado de la SIP.<\/p>\n\n\n\n<p>Se trata, subray\u00f3 la SIP, de tres dictaduras, Cuba, Nicaragua y Venezuela, que&nbsp;<strong>\u201cocupan los \u00faltimos tres puestos de 22 pa\u00edses en el \u00cdndice Chapultepec\u201d<\/strong>, un bar\u00f3metro que mide el estado de las libertades de prensa y expresi\u00f3n en las Am\u00e9ricas.<\/p>\n\n\n\n<p>\u201cEstamos hablando de&nbsp;<strong>los tres Gobiernos m\u00e1s represores de las libertades de prensa y expresi\u00f3n<\/strong>&nbsp;y del periodismo en las Am\u00e9ricas\u201d, se\u00f1al\u00f3, por su parte, el presidente de la SIP, Michael Greenspon.<\/p>\n\n\n\n<p>\u201cLamentamos que estos dirigentes que violan los derechos humanos y descreen de la democracia hayan sido invitados por una organizaci\u00f3n que, entre sus objetivos, incluye la promoci\u00f3n de un di\u00e1logo respetuoso capaz de construir consenso sobre temas de inter\u00e9s com\u00fan\u201d, afirm\u00f3.<\/p>\n\n\n\n<p>Greenspon, director global de Licencias e Innovaci\u00f3n de Impresi\u00f3n de The New York Times Company, consider\u00f3 que<strong>&nbsp;habr\u00eda que revisar los est\u00e1ndares de la Celac bajo la \u00f3ptica de la Carta Democr\u00e1tica Interamericana<\/strong>, que obliga a todos los pa\u00edses del continente a respetar las libertades de prensa y expresi\u00f3n.<\/p>\n\n\n\n<p>\u201cSin ese compromiso asumido, ning\u00fan Gobierno puede ser considerado democr\u00e1tico\u201d, hizo hincapi\u00e9.<\/p>\n\n\n\n<p>El presidente de la Comisi\u00f3n de Libertad de Prensa e Informaci\u00f3n de la SIP,&nbsp;<strong>Carlos Jornet<\/strong>, indic\u00f3 que los gobernantes democr\u00e1ticos de la regi\u00f3n deber\u00edan exigir a Nicaragua, Cuba y Venezuela&nbsp;<strong>\u201cque pongan freno a la represi\u00f3n contra periodistas, dirigentes sociales y disidentes pol\u00edticos\u201d<\/strong>.<\/p>\n\n\n\n<p>\u201cLa democracia se basa en el respeto al pluralismo, el control ciudadano sobre quienes gobiernan, la periodicidad de los mandatos, el equilibrio de poderes, el libre acceso a informaci\u00f3n p\u00fablica y el respeto a los derechos humanos esenciales, entre los cuales la libertad de expresi\u00f3n es una pieza central\u201d, se\u00f1al\u00f3 Jornet.<\/p>\n\n\n\n<p>Jornet, director period\u00edstico de&nbsp;<em>La Voz del Interior<\/em>, Argentina, reiter\u00f3&nbsp;<strong>el reclamo a los tres Gobiernos para que \u201cliberen a decenas de presos de conciencia<\/strong>&nbsp;que fueron condenados en juicios sin derecho de defensa\u201d.<\/p>\n\n\n\n<p>Pidi\u00f3 adem\u00e1s que cese la persecuci\u00f3n \u201ccontra quienes se atreven a criticar las pol\u00edticas p\u00fablicas en esos pa\u00edses\u201d.<\/p>\n\n\n\n<p>En las conclusiones de la 78 Asamblea General de la SIP, realizada en octubre pasado en Madrid, la SIP denunci\u00f3 que \u201cel caso de Nicaragua, bajo el r\u00e9gimen de Daniel Ortega, sigue siendo el m\u00e1s alarmante\u201d.<\/p>\n\n\n\n<p>Fue denunciado que seis periodistas condenados permanecen privados de su libertad desde hace m\u00e1s de un a\u00f1o y&nbsp;<strong>son m\u00e1s de 150 los que han salido al exilio en los \u00faltimos cuatro a\u00f1os, mientras el Gobierno nicarag\u00fcense contin\u00faa cerrando medios<\/strong>, entre ellos varias radioemisoras de la Iglesia Cat\u00f3lica, a lo que se suma el corte de la se\u00f1al de&nbsp;<em>CNN&nbsp;<\/em>en espa\u00f1ol.<\/p>\n\n\n\n<p>Sobre Cuba, la Asamblea General de la SIP destac\u00f3 que&nbsp;<strong>el r\u00e9gimen de la isla es otro protagonista cr\u00edtico de exilios y detenciones<\/strong>&nbsp;que lesionan gravemente la libertad de expresi\u00f3n; mientras que en Venezuela, se denunci\u00f3,&nbsp;<strong>la dictadura de Nicol\u00e1s Maduro cerr\u00f3 41 radioemisoras<\/strong>&nbsp;e intensific\u00f3 su ofensiva contra el libre acceso a la informaci\u00f3n mediante el bloqueo de sitios de internet de medios nacionales e internacionales.<\/p>\n","protected":false},"excerpt":{"rendered":"<p>La Organizaci\u00f3n se\u00f1al\u00f3 que se trata de las tres pa\u00edses en los hay mayor represi\u00f3n de las libertades de prensa y expresi\u00f3n en la regi\u00f3n La&nbsp;Sociedad Interamericana de Prensa (SIP)&nbsp;lament\u00f3&hellip; <\/p>\n","protected":false},"author":7,"featured_media":35181,"comment_status":"closed","ping_status":"open","sticky":false,"template":"","format":"standard","meta":{"footnotes":""},"categories":[11],"tags":[],"class_list":["post-35178","post","type-post","status-publish","format-standard","has-post-thumbnail","hentry","category-internacionales"],"_links":{"self":[{"href":"https:\/\/corrientesdetarde.com\/index.php\/wp-json\/wp\/v2\/posts\/35178","targetHints":{"allow":["GET"]}}],"collection":[{"href":"https:\/\/corrientesdetarde.com\/index.php\/wp-json\/wp\/v2\/posts"}],"about":[{"href":"https:\/\/corrientesdetarde.com\/index.php\/wp-json\/wp\/v2\/types\/post"}],"author":[{"embeddable":true,"href":"https:\/\/corrientesdetarde.com\/index.php\/wp-json\/wp\/v2\/users\/7"}],"replies":[{"embeddable":true,"href":"https:\/\/corrientesdetarde.com\/index.php\/wp-json\/wp\/v2\/comments?post=35178"}],"version-history":[{"count":1,"href":"https:\/\/corrientesdetarde.com\/index.php\/wp-json\/wp\/v2\/posts\/35178\/revisions"}],"predecessor-version":[{"id":35183,"href":"https:\/\/corrientesdetarde.com\/index.php\/wp-json\/wp\/v2\/posts\/35178\/revisions\/35183"}],"wp:featuredmedia":[{"embeddable":true,"href":"https:\/\/corrientesdetarde.com\/index.php\/wp-json\/wp\/v2\/media\/35181"}],"wp:attachment":[{"href":"https:\/\/corrientesdetarde.com\/index.php\/wp-json\/wp\/v2\/media?parent=35178"}],"wp:term":[{"taxonomy":"category","embeddable":true,"href":"https:\/\/corrientesdetarde.com\/index.php\/wp-json\/wp\/v2\/categories?post=35178"},{"taxonomy":"post_tag","embeddable":true,"href":"https:\/\/corrientesdetarde.com\/index.php\/wp-json\/wp\/v2\/tags?post=35178"}],"curies":[{"name":"wp","href":"https:\/\/api.w.org\/{rel}","templated":true}]}}