{"id":35335,"date":"2023-01-25T08:51:18","date_gmt":"2023-01-25T11:51:18","guid":{"rendered":"https:\/\/corrientesdetarde.com\/?p=35335"},"modified":"2023-01-25T08:51:21","modified_gmt":"2023-01-25T11:51:21","slug":"incendios-en-olivari-cazadores-furtivos-habrian-iniciado-el-fuego","status":"publish","type":"post","link":"https:\/\/corrientesdetarde.com\/index.php\/locales\/incendios-en-olivari-cazadores-furtivos-habrian-iniciado-el-fuego\/","title":{"rendered":"Incendios en Olivari: cazadores furtivos habr\u00edan iniciado el fuego"},"content":{"rendered":"\n<p>El subdirector de Defensa Civil Bruno Lovinson actualiz\u00f3 desde la zona de incendios c\u00f3mo se encuentra la situaci\u00f3n en la que varias dotaciones vienen trabajando desde hace 48 horas. Explic\u00f3 que se espera controlar definitivamente hoy, pero temen por las altas temperaturas y la falta de agua. Desliz\u00f3 que cazadores furtivos podr\u00edan haber iniciado el fuego.<\/p>\n\n\n\n<p>Villa Olivari es uno de los puntos que genera preocupaci\u00f3n en Corrientes y por eso Radio Sudamericana consult\u00f3 a Bruno Lovinson, subdirector de Defensa Civil y coordinador del Comando de Operaciones de Emergencia, que se encuentra en el sitio. Relat\u00f3 que&nbsp;<strong>\u201cen principio, el fuego est\u00e1 contenido\u201d<\/strong>, pero apunt\u00f3 que quedan focos importantes dentro de una forestaci\u00f3n.<\/p>\n\n\n\n<p>Por eso, esperan extinguir en el transcurso del d\u00eda esa l\u00ednea. Explic\u00f3 que se inici\u00f3 hace 48 horas, en zona de esteros, consumiendo plantaciones de pino y eucalipto, pastizales laterales a la Ruta y aserraderos.&nbsp;<strong>Cont\u00f3 que hay Bomberos de Loreto, Villa Olivari, Ituzaing\u00f3, It\u00e1 Ibat\u00e9 y Paso de la Patria, junto a brigadas de Saladas, Santa Rosa, Virasoro, equipos privados de forestaciones de la zona, medios a\u00e9reos, personal de Gendarmer\u00eda, completando alrededor de 100 personas en terreno.<\/strong><\/p>\n\n\n\n<p>Record\u00f3 que&nbsp;<strong>\u201cayer fue muy complicado, no hubo tiempo de descansar\u201d<\/strong>, porque en las horas de la noche se trabaj\u00f3 arduamente para aprovechar la humedad del ambiente y controlar el fuego. En lo que va del d\u00eda esperan que los vientos secos soplen por la ca\u00edda de la humedad, con lo cual aumentar\u00eda el riesgo. \u201cEn las \u00faltimas 48 horas no se ha descansado nada\u201d, dijo.<\/p>\n\n\n\n<p>Lovinson se\u00f1al\u00f3 que ayer se trabaj\u00f3 en una zona de aserraderos y hoy se encuentran hacia el oeste y el norte, tomando como referencia la Ruta 12. En esos puntos hay brotes en lotes de pino y se est\u00e1 intentando que la l\u00ednea vaya en retroceso para no afectar la Ruta:&nbsp;<strong>\u201cSe puede decir que es uno de los incendios m\u00e1s grandes de este a\u00f1o\u201d, dijo.<\/strong><\/p>\n\n\n\n<p>En cuanto a la causa, afirm\u00f3 que \u201cpor versiones de gente de la zona, habr\u00eda comenzado por cazadores furtivos\u201d. Explic\u00f3 que la zona perjudicada pertenece a un fideicomiso, agregando que la Ruta estaba afectada por una densa capa de humo, por lo cual&nbsp;<strong>pidi\u00f3 precauci\u00f3n para quienes deb\u00edan circular en veh\u00edculos.<\/strong><\/p>\n","protected":false},"excerpt":{"rendered":"<p>El subdirector de Defensa Civil Bruno Lovinson actualiz\u00f3 desde la zona de incendios c\u00f3mo se encuentra la situaci\u00f3n en la que varias dotaciones vienen trabajando desde hace 48 horas. Explic\u00f3&hellip; <\/p>\n","protected":false},"author":4,"featured_media":35349,"comment_status":"closed","ping_status":"open","sticky":false,"template":"","format":"standard","meta":{"footnotes":""},"categories":[8],"tags":[],"class_list":["post-35335","post","type-post","status-publish","format-standard","has-post-thumbnail","hentry","category-locales"],"_links":{"self":[{"href":"https:\/\/corrientesdetarde.com\/index.php\/wp-json\/wp\/v2\/posts\/35335","targetHints":{"allow":["GET"]}}],"collection":[{"href":"https:\/\/corrientesdetarde.com\/index.php\/wp-json\/wp\/v2\/posts"}],"about":[{"href":"https:\/\/corrientesdetarde.com\/index.php\/wp-json\/wp\/v2\/types\/post"}],"author":[{"embeddable":true,"href":"https:\/\/corrientesdetarde.com\/index.php\/wp-json\/wp\/v2\/users\/4"}],"replies":[{"embeddable":true,"href":"https:\/\/corrientesdetarde.com\/index.php\/wp-json\/wp\/v2\/comments?post=35335"}],"version-history":[{"count":1,"href":"https:\/\/corrientesdetarde.com\/index.php\/wp-json\/wp\/v2\/posts\/35335\/revisions"}],"predecessor-version":[{"id":35350,"href":"https:\/\/corrientesdetarde.com\/index.php\/wp-json\/wp\/v2\/posts\/35335\/revisions\/35350"}],"wp:featuredmedia":[{"embeddable":true,"href":"https:\/\/corrientesdetarde.com\/index.php\/wp-json\/wp\/v2\/media\/35349"}],"wp:attachment":[{"href":"https:\/\/corrientesdetarde.com\/index.php\/wp-json\/wp\/v2\/media?parent=35335"}],"wp:term":[{"taxonomy":"category","embeddable":true,"href":"https:\/\/corrientesdetarde.com\/index.php\/wp-json\/wp\/v2\/categories?post=35335"},{"taxonomy":"post_tag","embeddable":true,"href":"https:\/\/corrientesdetarde.com\/index.php\/wp-json\/wp\/v2\/tags?post=35335"}],"curies":[{"name":"wp","href":"https:\/\/api.w.org\/{rel}","templated":true}]}}