{"id":35336,"date":"2023-01-25T08:49:33","date_gmt":"2023-01-25T11:49:33","guid":{"rendered":"https:\/\/corrientesdetarde.com\/?p=35336"},"modified":"2023-01-25T08:49:37","modified_gmt":"2023-01-25T11:49:37","slug":"crimen-de-fernando-baez-sosa-comienzan-los-alegatos-en-el-juicio-contra-los-rugbiers","status":"publish","type":"post","link":"https:\/\/corrientesdetarde.com\/index.php\/crimen-y-justicia\/crimen-de-fernando-baez-sosa-comienzan-los-alegatos-en-el-juicio-contra-los-rugbiers\/","title":{"rendered":"Crimen de Fernando B\u00e1ez Sosa: comienzan los alegatos en el juicio contra los rugbiers"},"content":{"rendered":"\n<p>La Querella y la Fiscal\u00eda buscan conseguir una &#8220;pena ejemplar&#8221;. \u00bfQu\u00e9 pasar\u00e1 tras la lectura de los alegatos por el asesinato del joven de 18 a\u00f1os?<\/p>\n\n\n\n<p>.<\/p>\n\n\n\n<p>A partir de hoy comenzar\u00e1 la lectura de los alegatos por el crimen de Fernando B\u00e1ez Sosa, en la etapa final del juicio, que se lleva a cabo en la ciudad bonaerense de Dolores, y con el correspondiente pedido de condena para los ocho rugbiers acusados. Las penas que le corresponde a cada uno se dar\u00edan a conocer desde la semana pr\u00f3xima.<br>&nbsp;<br>La primera fecha fue establecida para la Querella y la Fiscal\u00eda: en esta instancia ambas partes buscan conseguir una &#8220;pena ejemplar&#8221;, bajo la imputaci\u00f3n de &#8220;homicidio doblemente agravado por alevos\u00eda y por el concurso premeditado de dos o m\u00e1s personas&#8221; para los ocho rugbiers.<br>&nbsp;&nbsp;<br><br>Se espera que sea una jornada extensa, ya que las partes dar\u00e1n a conocer nuevos detalles y la implicancia de cada uno de los acusados en el ataque y posterior asesinato. Con esta imputaci\u00f3n solo se prev\u00e9 la prisi\u00f3n perpetua, por lo que los j\u00f3venes estar\u00e1n presos por 35 a\u00f1os.<\/p>\n\n\n\n<p><br><strong>Crimen de Fernando B\u00e1ez Sosa: cu\u00e1ndo hablar\u00e1 la defensa de los rugbiers<\/strong><\/p>\n\n\n\n<p><br>El jueves 26, ser\u00e1 el momento de la defensa de los ocho rugbiers a cargo de Hugo Tomei, quien intentar\u00e1 convencer al Tribunal que el asesinato de Fernando ocurri\u00f3 durante una pelea, y en ese caso la imputaci\u00f3n ser\u00eda por &#8220;homicidio en ri\u00f1a o agresi\u00f3n&#8221;, aunque no se descarta que vaya por el &#8220;homicidio preterintencional&#8221;.<\/p>\n\n\n\n<p>Ante esta acusaci\u00f3n la pena se reduce a seis a\u00f1os como m\u00e1ximo y tres como m\u00ednimo, lo que ser\u00eda un rango clave ya que los j\u00f3venes est\u00e1n presos desde 2020 -con prisi\u00f3n preventiva-, lo que les permitir\u00eda quedar en libertad.<\/p>\n\n\n\n<p><strong>Cu\u00e1l de los rugbiers quedar\u00eda absuelto<\/strong><\/p>\n\n\n\n<p><br>Tomei buscar\u00e1 que al menos uno de los rugbiers quede absuelto ya que no se lo se\u00f1al\u00f3 en casi ninguna de las trece audiencias que hubo en el Tribunal Oral en lo Criminal 1 de Dolores. Se trata de Ayrton Viollaz, otro de los j\u00f3venes que est\u00e1 preso desde un comienzo.<\/p>\n\n\n\n<p>&nbsp;<br>Crimen contra Fernando B\u00e1ez Sosa: en d\u00f3nde se podr\u00e1n ver los alegatos<br>Tanto los alegatos como la sentencia se podr\u00e1n ver de forma directa por el vivo que realizar\u00e1n desde el canal de YouTube de la Corte de la provincia de Buenos Aires. Con respecto a la sentencia final, la presidenta del Tribunal, Mar\u00eda Claudia Castro, dar\u00e1 a conocer la fecha exacta en las pr\u00f3ximas horas, aunque se prev\u00e9 que ser\u00e1 el 30 o 31 de enero.<\/p>\n\n\n\n<p>&#8220;Lo que pas\u00f3 en Gesell \u00bffue una pelea?, Fernando \u00bfmuri\u00f3 por accidente? \u00bfno fue emboscado, acorralado y ejecutado?. \u00bfAlguien me puede afirmar que no hubo plan, que fue una simple pelea y que por accidente muri\u00f3 alguien?. Para mi en este caso JUSTICIA, es c\u00e1rcel para toda la vida&#8221;, public\u00f3 en su cuenta de Twitter Fernando Burlando, abogado de Silvino y Graciela, los padres de la v\u00edctima.<\/p>\n\n\n\n<p>La responsabilidad de cada imputado en el crimen de Fernando B\u00e1ez Sosa<br>Durante las jornadas de juicio oral se busc\u00f3 comprobar que rol ocup\u00f3 cada uno de los acusados en el crimen. Esto fue a trav\u00e9s de las declaraciones, pericias y videos obtenidos de c\u00e1maras de seguridad y de testigos que grabaron el ataque.<\/p>\n\n\n\n<p>M\u00e1ximo Thomsen<\/p>\n\n\n\n<p><br>Es el rugbier m\u00e1s complicado de los ocho. En el transcurso del juicio se expuso que la huella en la cara de Fernando pertenece a la zapatilla que us\u00f3 el joven aquella madrugada. Adem\u00e1s, polic\u00edas que estuvieron en el allanamiento confirmaron que fue Thomsen qui\u00e9n culp\u00f3 a Pablo Ventura de haber participado en el crimen.<\/p>\n\n\n\n<p>Sumado a estos anuncios, peritos lo ubicaron en la escena del asesinato en diversas oportunidades y tambi\u00e9n se encontr\u00f3 ADN de la v\u00edctima en su ropa. A pesar de que en su declaraci\u00f3n expres\u00f3 que &#8220;nunca tuvo la intenci\u00f3n de matar&#8221; el Tribunal sabe que tiene enfrente a la persona m\u00e1s complicada en la causa.<\/p>\n\n\n\n<p><br>Ciro Pertossi<\/p>\n\n\n\n<p><br>Al igual que Thomsen, el rugbier es considerado otro de los m\u00e1s implicados. Se debe a que aparece en todos los videos peg\u00e1ndole a Fernando. A su vez, prendas incautadas tienen ADN de la v\u00edctima y peritos tambi\u00e9n confirmaron su presencia en el lugar de los hechos.<\/p>\n\n\n\n<p>Los chats de WhatsApp de los acusados fueron importantes ya que muestran las conversaciones donde la mayor\u00eda de ellos confirm\u00f3 el ataque y el posterior crimen lo que gener\u00f3 una ola de revuelo en sus cercanos que en todo momento le preguntaron si eran los responsables: &#8220;Estamos bien todos. No pas\u00f3 nada, no te preocupes&#8221;. Se corrobor\u00f3 que durante la madrugada el joven busc\u00f3 siete veces en Google &#8220;villa gesell pelea&#8221; para saber si hab\u00edan dado a conocer el asesinato.<\/p>\n\n\n\n<p>Blas Cinalli<\/p>\n\n\n\n<p><br>Desde un comienzo se supo que un dedo me\u00f1ique de Fernando ten\u00eda ADN del joven, pero durante el transcurso de las 13 audiencias se busc\u00f3 constatar que su rol en el crimen fue superior. Al igual que Thomsen y Ciro Pertossi tuvo un papel m\u00e1s que importante en el ataque, ya que le peg\u00f3 a la v\u00edctima y tambi\u00e9n a amigos de Fernando que quisieron defenderlo.<\/p>\n\n\n\n<p>Todas las pruebas obtenidas fueron presentadas ante el Tribunal y en este sentido se quiere demostrar que Blas Cinalli era uno de los rugbiers predominantes en el grupo. &#8220;En ning\u00fan momento le pegu\u00e9 a Fernando B\u00e1ez Sosa&#8221;, sostuvo Cinalli en su declaraci\u00f3n.<\/p>\n\n\n\n<p><br>Luciano Pertossi<\/p>\n\n\n\n<p><br>Fue el primero de los acusados en romper el silencio despu\u00e9s de tres a\u00f1os. Aunque en una declaraci\u00f3n escueta al manifestar que &#8220;no estuvo ah\u00ed&#8221; en uno de los videos, se pudo confirmar que s\u00ed le peg\u00f3 a Fernando.<\/p>\n\n\n\n<p>Aunque la imagen no es la mejor, por las caracter\u00edsticas anunciadas por peritos, se\u00f1alaron que el joven le peg\u00f3 a la v\u00edctima cuando estaba en el piso. Asimismo, amigos de Fernando indicaron que Pertossi estuvo involucrado en el ataque a otros j\u00f3venes en ese momento motivo por el cual Burlando buscar\u00e1 modificar su rol en los alegatos.<\/p>\n\n\n\n<p>Lucas Pertossi<\/p>\n\n\n\n<p><br>Las pruebas muestran que el joven le peg\u00f3 a amigos de Fernando y que trat\u00f3 de impedir que defendieran a la v\u00edctima que estaba tirada en el piso. Tambi\u00e9n es la persona que grab\u00f3 con su celular la patada final y que da por sentenciado el peor desenlace, la muerte de Fernando.<\/p>\n\n\n\n<p>Luego es el joven que se muestra en un video de c\u00e1mara de seguridad mandando un audio de WhatsApp al grupo de rugbiers confirmando que Fernando hab\u00eda &#8220;caducado&#8221;. Horas despu\u00e9s fue visto junto a Thomsen en el Mc&#8217;Donalds del centro de Villa Gesell como si no hubiese pasado nada.<\/p>\n\n\n\n<p>&#8220;Estoy muy mal por lo que pas\u00f3 y sigo mal, estuve con tratamiento psiqui\u00e1trico y psicol\u00f3gico, a todos nos afect\u00f3 mucho, siento mucha pena por lo que pas\u00f3. En ning\u00fan momento le pegu\u00e9 a Fernando B\u00e1ez Sosa, no lo toqu\u00e9, en ning\u00fan momento particip\u00e9 de un plan de asesinato, s\u00f3lo fui de vacaciones. Nunca tuve intenci\u00f3n de quitarle la vida a nadie&#8221;, concluy\u00f3 el joven en su testimonio.<\/p>\n\n\n\n<p>Enzo Comelli<\/p>\n\n\n\n<p><br>En la mayor\u00eda de las declaraciones de testigos y amigos de Fernando lo ubicaron en la escena de crimen atacando y golpe\u00e1ndolo. Adem\u00e1s, como en los anteriores casos, peritos confirmaron su presencia en el ataque y asesinato. Esto permiti\u00f3 que desde un comienzo la querella haya anunciado un rol predominante de Comelli junto a otros de los acusados.<\/p>\n\n\n\n<p>Mat\u00edas Benicelli<\/p>\n\n\n\n<p><br>Identificaci\u00f3n f\u00e1cil y ropa incautada. Ambas pericias dieron positivo. Benicelli estuvo en el ataque y fue part\u00edcipe del crimen de Fernando. En la indumentaria secuestrada por la Polic\u00eda se hall\u00f3 sangre de la v\u00edctima y en los videos obtenidos se lo pudo ver golpeando. Aun as\u00ed, se resalta que el joven fue de forma particular a atacar a los amigos de Fernando.<\/p>\n\n\n\n<p>Ayrton Viollaz<\/p>\n\n\n\n<p><br>Para este \u00faltimo joven la situaci\u00f3n es un poco m\u00e1s alentadora en sentido de su implicancia en la causa. Las pericias confirmaron que el rugbier estuvo en el ataque pero cumpli\u00f3 el rol de golpear a los amigos de Fernando y arengar a que contin\u00fae el ataque contra la v\u00edctima. Ante este pron\u00f3stico, est\u00e1 la posibilidad de que Hugo Tomei pida la absoluci\u00f3n del acusado o que el Tribunal lo sentencie a una condena por &#8220;lesiones leves&#8221;.<\/p>\n","protected":false},"excerpt":{"rendered":"<p>La Querella y la Fiscal\u00eda buscan conseguir una &#8220;pena ejemplar&#8221;. \u00bfQu\u00e9 pasar\u00e1 tras la lectura de los alegatos por el asesinato del joven de 18 a\u00f1os? . A partir de&hellip; <\/p>\n","protected":false},"author":4,"featured_media":35347,"comment_status":"closed","ping_status":"open","sticky":false,"template":"","format":"standard","meta":{"footnotes":""},"categories":[5],"tags":[],"class_list":["post-35336","post","type-post","status-publish","format-standard","has-post-thumbnail","hentry","category-crimen-y-justicia"],"_links":{"self":[{"href":"https:\/\/corrientesdetarde.com\/index.php\/wp-json\/wp\/v2\/posts\/35336","targetHints":{"allow":["GET"]}}],"collection":[{"href":"https:\/\/corrientesdetarde.com\/index.php\/wp-json\/wp\/v2\/posts"}],"about":[{"href":"https:\/\/corrientesdetarde.com\/index.php\/wp-json\/wp\/v2\/types\/post"}],"author":[{"embeddable":true,"href":"https:\/\/corrientesdetarde.com\/index.php\/wp-json\/wp\/v2\/users\/4"}],"replies":[{"embeddable":true,"href":"https:\/\/corrientesdetarde.com\/index.php\/wp-json\/wp\/v2\/comments?post=35336"}],"version-history":[{"count":1,"href":"https:\/\/corrientesdetarde.com\/index.php\/wp-json\/wp\/v2\/posts\/35336\/revisions"}],"predecessor-version":[{"id":35348,"href":"https:\/\/corrientesdetarde.com\/index.php\/wp-json\/wp\/v2\/posts\/35336\/revisions\/35348"}],"wp:featuredmedia":[{"embeddable":true,"href":"https:\/\/corrientesdetarde.com\/index.php\/wp-json\/wp\/v2\/media\/35347"}],"wp:attachment":[{"href":"https:\/\/corrientesdetarde.com\/index.php\/wp-json\/wp\/v2\/media?parent=35336"}],"wp:term":[{"taxonomy":"category","embeddable":true,"href":"https:\/\/corrientesdetarde.com\/index.php\/wp-json\/wp\/v2\/categories?post=35336"},{"taxonomy":"post_tag","embeddable":true,"href":"https:\/\/corrientesdetarde.com\/index.php\/wp-json\/wp\/v2\/tags?post=35336"}],"curies":[{"name":"wp","href":"https:\/\/api.w.org\/{rel}","templated":true}]}}