{"id":35382,"date":"2023-01-25T10:51:29","date_gmt":"2023-01-25T13:51:29","guid":{"rendered":"https:\/\/corrientesdetarde.com\/?p=35382"},"modified":"2023-01-25T10:51:34","modified_gmt":"2023-01-25T13:51:34","slug":"sueldos-de-enero-quienes-cobran-este-25-de-enero-en-corrientes","status":"publish","type":"post","link":"https:\/\/corrientesdetarde.com\/index.php\/locales\/sueldos-de-enero-quienes-cobran-este-25-de-enero-en-corrientes\/","title":{"rendered":"Sueldos de enero: qui\u00e9nes cobran este 25 de enero en CorrienteS"},"content":{"rendered":"\n<p>Este mi\u00e9rcoles contin\u00faa el pago a los empleados p\u00fablicos de la Provincia. C\u00f3mo seguir\u00e1 el esquema definido por el gobernador Gustavo Vald\u00e9s.<\/p>\n\n\n\n<p>Contin\u00faa en Corrientes el pago del sueldo del mes de enero a los empleados p\u00fablicos de la Provincia. Este mi\u00e9rcoles 25 es el turno de los trabajadores con DNI terminados en 2 y 3.<\/p>\n\n\n\n<p>El cronograma comenz\u00f3 este martes 24 tras ser anunciado por Gustavo Vald\u00e9s en sus redes sociales. Continuar\u00e1 el jueves 26 con 4 y 5.<\/p>\n\n\n\n<p>Mientras que el viernes 27 se abonar\u00e1 a los estatales con documento 6 y 7. El esquema se completar\u00e1 el pr\u00f3ximo lunes 30 para 8 y 9.<\/p>\n\n\n\n<p>Vale mencionar que este \u00faltimo tramo estar\u00e1 disponible en cajeros autom\u00e1ticos del Banco de Corrientes desde el s\u00e1bado 28.<\/p>\n\n\n\n<figure class=\"wp-block-embed is-type-rich is-provider-twitter wp-block-embed-twitter\"><div class=\"wp-block-embed__wrapper\">\n<blockquote class=\"twitter-tweet\" data-width=\"550\" data-dnt=\"true\"><p lang=\"es\" dir=\"ltr\">\u00a1Buen d\u00eda, correntinos! El pago de sueldos del mes de enero para trabajadores provinciales activos y jubilados ser\u00e1 por terminaci\u00f3n de DNI:<br><br>\u2022 Martes 24: 0 y 1<br>\u2022 Mi\u00e9rcoles 25: 2 y 3<br>\u2022 Jueves 26: 4 y 5<br>\u2022 Viernes 27: 6 y 7<br>\u2022 Lunes 30: 8 y 9*<br><br>* En cajeros, s\u00e1bado 28.<\/p>&mdash; Gustavo Vald\u00e9s (@gustavovaldesok) <a href=\"https:\/\/twitter.com\/gustavovaldesok\/status\/1617484853989240833?ref_src=twsrc%5Etfw\">January 23, 2023<\/a><\/blockquote><script async src=\"https:\/\/platform.twitter.com\/widgets.js\" charset=\"utf-8\"><\/script>\n<\/div><\/figure>\n","protected":false},"excerpt":{"rendered":"<p>Este mi\u00e9rcoles contin\u00faa el pago a los empleados p\u00fablicos de la Provincia. C\u00f3mo seguir\u00e1 el esquema definido por el gobernador Gustavo Vald\u00e9s. Contin\u00faa en Corrientes el pago del sueldo del&hellip; <\/p>\n","protected":false},"author":4,"featured_media":35385,"comment_status":"closed","ping_status":"open","sticky":false,"template":"","format":"standard","meta":{"footnotes":""},"categories":[8],"tags":[],"class_list":["post-35382","post","type-post","status-publish","format-standard","has-post-thumbnail","hentry","category-locales"],"_links":{"self":[{"href":"https:\/\/corrientesdetarde.com\/index.php\/wp-json\/wp\/v2\/posts\/35382","targetHints":{"allow":["GET"]}}],"collection":[{"href":"https:\/\/corrientesdetarde.com\/index.php\/wp-json\/wp\/v2\/posts"}],"about":[{"href":"https:\/\/corrientesdetarde.com\/index.php\/wp-json\/wp\/v2\/types\/post"}],"author":[{"embeddable":true,"href":"https:\/\/corrientesdetarde.com\/index.php\/wp-json\/wp\/v2\/users\/4"}],"replies":[{"embeddable":true,"href":"https:\/\/corrientesdetarde.com\/index.php\/wp-json\/wp\/v2\/comments?post=35382"}],"version-history":[{"count":1,"href":"https:\/\/corrientesdetarde.com\/index.php\/wp-json\/wp\/v2\/posts\/35382\/revisions"}],"predecessor-version":[{"id":35386,"href":"https:\/\/corrientesdetarde.com\/index.php\/wp-json\/wp\/v2\/posts\/35382\/revisions\/35386"}],"wp:featuredmedia":[{"embeddable":true,"href":"https:\/\/corrientesdetarde.com\/index.php\/wp-json\/wp\/v2\/media\/35385"}],"wp:attachment":[{"href":"https:\/\/corrientesdetarde.com\/index.php\/wp-json\/wp\/v2\/media?parent=35382"}],"wp:term":[{"taxonomy":"category","embeddable":true,"href":"https:\/\/corrientesdetarde.com\/index.php\/wp-json\/wp\/v2\/categories?post=35382"},{"taxonomy":"post_tag","embeddable":true,"href":"https:\/\/corrientesdetarde.com\/index.php\/wp-json\/wp\/v2\/tags?post=35382"}],"curies":[{"name":"wp","href":"https:\/\/api.w.org\/{rel}","templated":true}]}}