{"id":35396,"date":"2023-01-25T11:28:39","date_gmt":"2023-01-25T14:28:39","guid":{"rendered":"https:\/\/corrientesdetarde.com\/?p=35396"},"modified":"2023-01-25T11:28:41","modified_gmt":"2023-01-25T14:28:41","slug":"situacion-ignea-en-la-provincia-se-registraron-12-focos-de-incendios","status":"publish","type":"post","link":"https:\/\/corrientesdetarde.com\/index.php\/informacion-general\/situacion-ignea-en-la-provincia-se-registraron-12-focos-de-incendios\/","title":{"rendered":"Situaci\u00f3n \u00edgnea: En la provincia se registraron 12 focos de incendios"},"content":{"rendered":"\n<p>El Comando Operativo de Emergencias (COE) de la provincia de Corrientes inform\u00f3 este mi\u00e9rcoles 25 de enero de 2023 que en las \u00faltimas horas se registraron 12 focos \u00edgneos en el territorio provincial.<\/p>\n\n\n\n<p>Los focos se sit\u00faan en las localidades de San Miguel, Villa Olivari, Paraje Caim\u00e1n, Paraje Galarcita, San Cosme, Chavarria, Paso de los Libres, Guavirav\u00ed, Goya, Curuz\u00fa Cuati\u00e1, Juan Pujol.<\/p>\n\n\n\n<p>El COE, cuyas instalaciones se encuentran en el Ministerio de Seguridad, tiene como objetivo definir las distintas acciones para hacer frente a eventuales focos \u00edgneos y para su prevenci\u00f3n, con la implementaci\u00f3n de equipos de \u00faltima tecnolog\u00eda. Est\u00e1 conformado por miembros del Gobierno provincial, del nacional, la Polic\u00eda de Corrientes, Bomberos Voluntarios, Ej\u00e9rcito, Prefectura Naval, Cruz Roja Internacional y el sector privado.<\/p>\n\n\n\n<figure class=\"wp-block-image size-full\"><img loading=\"lazy\" decoding=\"async\" width=\"593\" height=\"858\" src=\"https:\/\/corrientesdetarde.com\/wp-content\/uploads\/2023\/01\/Captura-de-pantalla-2023-01-25-111709.png\" alt=\"\" class=\"wp-image-35397\" srcset=\"https:\/\/corrientesdetarde.com\/wp-content\/uploads\/2023\/01\/Captura-de-pantalla-2023-01-25-111709.png 593w, https:\/\/corrientesdetarde.com\/wp-content\/uploads\/2023\/01\/Captura-de-pantalla-2023-01-25-111709-207x300.png 207w\" sizes=\"auto, (max-width: 593px) 100vw, 593px\" \/><\/figure>\n","protected":false},"excerpt":{"rendered":"<p>El Comando Operativo de Emergencias (COE) de la provincia de Corrientes inform\u00f3 este mi\u00e9rcoles 25 de enero de 2023 que en las \u00faltimas horas se registraron 12 focos \u00edgneos en&hellip; <\/p>\n","protected":false},"author":4,"featured_media":35397,"comment_status":"closed","ping_status":"open","sticky":false,"template":"","format":"standard","meta":{"footnotes":""},"categories":[1],"tags":[],"class_list":["post-35396","post","type-post","status-publish","format-standard","has-post-thumbnail","hentry","category-informacion-general"],"_links":{"self":[{"href":"https:\/\/corrientesdetarde.com\/index.php\/wp-json\/wp\/v2\/posts\/35396","targetHints":{"allow":["GET"]}}],"collection":[{"href":"https:\/\/corrientesdetarde.com\/index.php\/wp-json\/wp\/v2\/posts"}],"about":[{"href":"https:\/\/corrientesdetarde.com\/index.php\/wp-json\/wp\/v2\/types\/post"}],"author":[{"embeddable":true,"href":"https:\/\/corrientesdetarde.com\/index.php\/wp-json\/wp\/v2\/users\/4"}],"replies":[{"embeddable":true,"href":"https:\/\/corrientesdetarde.com\/index.php\/wp-json\/wp\/v2\/comments?post=35396"}],"version-history":[{"count":1,"href":"https:\/\/corrientesdetarde.com\/index.php\/wp-json\/wp\/v2\/posts\/35396\/revisions"}],"predecessor-version":[{"id":35398,"href":"https:\/\/corrientesdetarde.com\/index.php\/wp-json\/wp\/v2\/posts\/35396\/revisions\/35398"}],"wp:featuredmedia":[{"embeddable":true,"href":"https:\/\/corrientesdetarde.com\/index.php\/wp-json\/wp\/v2\/media\/35397"}],"wp:attachment":[{"href":"https:\/\/corrientesdetarde.com\/index.php\/wp-json\/wp\/v2\/media?parent=35396"}],"wp:term":[{"taxonomy":"category","embeddable":true,"href":"https:\/\/corrientesdetarde.com\/index.php\/wp-json\/wp\/v2\/categories?post=35396"},{"taxonomy":"post_tag","embeddable":true,"href":"https:\/\/corrientesdetarde.com\/index.php\/wp-json\/wp\/v2\/tags?post=35396"}],"curies":[{"name":"wp","href":"https:\/\/api.w.org\/{rel}","templated":true}]}}