{"id":35540,"date":"2023-01-26T08:30:11","date_gmt":"2023-01-26T11:30:11","guid":{"rendered":"https:\/\/corrientesdetarde.com\/?p=35540"},"modified":"2023-01-26T08:30:16","modified_gmt":"2023-01-26T11:30:16","slug":"fernando-baez-sosa-por-que-fueron-acusados-por-falso-testimonio-juan-pedro-guarino-y-tomas-colazo","status":"publish","type":"post","link":"https:\/\/corrientesdetarde.com\/index.php\/crimen-y-justicia\/fernando-baez-sosa-por-que-fueron-acusados-por-falso-testimonio-juan-pedro-guarino-y-tomas-colazo\/","title":{"rendered":"Fernando B\u00e1ez Sosa: por qu\u00e9 fueron acusados por falso testimonio Juan Pedro Guarino y Tom\u00e1s Colazo"},"content":{"rendered":"\n<p>El fiscal Juan Manuel D\u00e1vila apunt\u00f3 contra otros dos j\u00f3venes de Z\u00e1rate.<\/p>\n\n\n\n<p>En el primer tramo de la acusaci\u00f3n del Ministerio P\u00fablico, el fiscal Gustavo Garc\u00eda hab\u00eda explicado las pruebas expuestas en las audiencias, luego dio paso a su colega Juan Manuel D\u00e1vila, que detall\u00f3 las acciones de cada uno de los ocho imputados del asesinato de Fernando B\u00e1ez para solicitar la pena de prisi\u00f3n perpetua por el delito de homicidio agravado por alevos\u00eda y por el concurso premeditado de dos o m\u00e1s personas. Inmediatamente despu\u00e9s apunt\u00f3 a otros dos j\u00f3venes que estaban en el lugar de los hechos, pero que quedaron fuera de la causa antes de la elevaci\u00f3n a juicio del caso. Anunci\u00f3 entonces que acusar\u00e1 de falso testimonio a Juan Pedro Guarino y Tom\u00e1s Colazo, dos amigos de los imputados que en los \u00faltimos d\u00edas estuvieron frente al tribunal como testigos.<\/p>\n\n\n\n<p>&#8220;Voy a hacer referencia a testigos de la defensa, me voy a referir a Pedro Guarino y Tom\u00e1s Colazo. Ellos mismo se ubicaron, cuando se les exhibieron los videos, parados dentr\u00e1s de un auto, pegados a la pared, mientras que a dos o tres metros de ellos se estaba produciendo el ataque&#8221;, dijo el fiscal D\u00e1vila.&nbsp;<br>&nbsp;<br>&nbsp;<\/p>\n\n\n\n<figure class=\"wp-block-image\"><img decoding=\"async\" src=\"https:\/\/www.lt7noticias.com\/content\/bucket\/1\/41001w770h513c.jpg.webp\" alt=\"\"\/><\/figure>\n\n\n\n<p><br>&nbsp;<br>Blas Cinalli (a la izquierda), Lucas Pertossi y Luciano Pertossi (atr\u00e1s), durante la audiencia de alegatosDiego Izquierdo &#8211; T\u00e9lam<br>Y agreg\u00f3: &#8220;Inmutados quedaron, no se acordaron de nada de lo que pas\u00f3, por lo que no tengo dudas que est\u00e1s personas por omisi\u00f3n mintieron, por lo que se va a solicitar que se inicie una causa por separado por falso testimonio&#8221;.<\/p>\n\n\n\n<p>Los testigos, a diferencia de los imputados, tienen la obligaci\u00f3n de decir la verdad frente al tribunal, por eso el fiscal D\u00e1vila asegur\u00f3 que los acusados del asesinato de B\u00e1ez Sosa mintieron y, sin embargo, no agreg\u00f3 una causa por ese hecho, algo que si hizo con Guarino y Colazo. La potencial pena en caso de ser encontrados culpables es de un mes a cuatro a\u00f1os de prisi\u00f3n.<\/p>\n\n\n\n<p>&nbsp;<br>De todas maneras, esos j\u00f3venes podr\u00edan sustentar su defensa en el hecho que no est\u00e1n obligados a incriminarse en un delito, algo que podr\u00eda ocurrir si reconocen que sab\u00edan de un plan criminal o que estaban al tanto de lo que pas\u00f3 luego del ataque, cuando formaban parte del grupo.<\/p>\n\n\n\n<p>Guarino hab\u00eda sido detenido junto con Blas Cinalli, de 21 a\u00f1os; Luciano Pertossi, de 21; Ciro Pertossi, de 22; Lucas Pertossi, de 23; Ayrton Viollaz, de 23; Enzo Comelli, de 22; Mat\u00edas Benicelli, de 23, y M\u00e1ximo Thomsen, de 23. Compart\u00eda la casa que hab\u00edan alquilado los j\u00f3venes de Z\u00e1rate para pasar sus vacaciones en Villa Gesell.<\/p>\n\n\n\n<p>Guarino aleg\u00f3 que supo por los medios que a sus compa\u00f1eros le hab\u00edan tirado un vaso adentro del boliche. &#8220;\u00bfJam\u00e1s hablaste con compa\u00f1eros de la casa sobre ese altercado?&#8221;, le pregunt\u00f3 Burlando. &#8220;No&#8221;, respondi\u00f3, a la vez que repiti\u00f3 que los que discutieron fueron Thomsen y Benicelli, por lo que dijo no saber por qu\u00e9 los dem\u00e1s fueron echados de Le Brique.<\/p>\n\n\n\n<figure class=\"wp-block-image\"><img decoding=\"async\" src=\"https:\/\/www.lt7noticias.com\/content\/bucket\/2\/41002w770h513c.jpg.webp\" alt=\"\"\/><\/figure>\n\n\n\n<p><br>Juan Pedro Guarino, luego de la declaraci\u00f3n en el tribunalDiego Izquierdo &#8211; T\u00e9lam<br>&#8220;Salgo por decisi\u00f3n propia, salgo m\u00e1s tarde que ellos. Salgo caminando por atr\u00e1s y veo a mi izquierda que Luciano Pertossi est\u00e1 peleando con otro chico. Llego cuando Luciano ya no se estaba peleando m\u00e1s. Voy a ver c\u00f3mo estaba \u00e9l. Lo siento en un banco. Viene Ciro Pertossi. Luego escucho gritos a mi derecha, Luciano y Ciro se levantan y se van, imagin\u00e9 que iban a pelearse de vuelta, no lo pod\u00eda creer&#8221;, indic\u00f3 y revel\u00f3: &#8220;Miro, veo a M\u00e1ximo Thomsen y a un chico tirado en el piso, y despu\u00e9s me entero de qui\u00e9n era. Cuando vi eso no lo pod\u00eda creer, me enoj\u00f3 much\u00edsimo, me fui solo&#8221;.<\/p>\n\n\n\n<p>Cuando Burlando lo consult\u00f3 sobre qu\u00e9 vio, Guarino indic\u00f3: &#8220;A M\u00e1ximo al lado de un chico tirado, me imagin\u00e9 que se estaban peleando&#8221;. El testigo sostuvo que luego se retir\u00f3 del lugar. &#8220;\u00bfPor qu\u00e9 no lo pod\u00edas creer&#8221;, pregunt\u00f3 Burlando. &#8220;Porque hab\u00edamos ido de vacaciones a pasarla bien. Ellos ya se hab\u00edan peleado en otras ocasiones. Hab\u00eda hablado con mi mam\u00e1 y mi novia que si volv\u00eda a pasar me iba a volver de las vacaciones. Nunca lo pude creer&#8221;, respondi\u00f3 Guarino.<\/p>\n\n\n\n<p>En tanto, dijo no haber visto c\u00f3mo le pegaron a B\u00e1ez Sosa ni con qui\u00e9n discuti\u00f3.<\/p>\n\n\n\n<p>&#8220;\u00bfEscuchaste alg\u00fan comentario cuando llegaste a la casa?&#8221;, pregunt\u00f3 el abogado de los padres de Fernando. &#8220;No, estaba muy enojado. Me met\u00ed en la habitaci\u00f3n, cargu\u00e9 el celular&#8221;, respondi\u00f3 Guarino. &#8220;\u00bfCu\u00e1ndo te enteras que hab\u00edan asesinado a una persona?&#8221;, lo consult\u00f3 Burlando. &#8220;A la tarde, cuando est\u00e1bamos con los precintos. Lo dijo un polic\u00eda&#8221;, revel\u00f3 el joven que ahora es acusado por falso testimonio.<\/p>\n\n\n\n<p>Tras su declaraci\u00f3n dijo que hab\u00eda acercado una carta de disculpas a los padres de B\u00e1ez Sosa. Silvino B\u00e1ez y Graciela Sosa comentaron luego que no leyeron esa misiva, porque tienen el convencimiento que Guarino no fue sincero y que sabe m\u00e1s de lo que dijo en el tribunal. La fiscal\u00eda piensa lo mismo.<\/p>\n\n\n\n<p>Colazo, en tanto, era menor cuando ocurri\u00f3 el crimen el 18 de enero de 2020. No compart\u00eda el alojamiento con los otros j\u00f3venes de Z\u00e1rate, ya que \u00e9l estaba en Villa Gesell con su familia, pero si acompa\u00f1aba a los acusados en sus salidas nocturnas. Eso pas\u00f3 tambi\u00e9n en la madrugada del homicidio. La querella siempre lo apunt\u00f3 como un posible imputado N\u00b0 11, ya que los puestos 9 y 10 eran ocupados por los sobrese\u00eddos en la instrucci\u00f3n Guarino y Milanesi.<\/p>\n\n\n\n<p>En los \u00faltimos d\u00edas cont\u00f3 su versi\u00f3n de los hechos ante el tribunal. La fiscal\u00eda estima que minti\u00f3.<\/p>\n\n\n\n<figure class=\"wp-block-image\"><img decoding=\"async\" src=\"https:\/\/www.lt7noticias.com\/content\/bucket\/3\/41003w770h513c.jpg.webp\" alt=\"\"\/><\/figure>\n\n\n\n<p><br>Tom\u00e1s \u00cdtalo Colazzo (en el centro), amigo de los imputados, fue acusado por falso testimonioT\u00e9lam<br>&#8220;Cruzo para ver a los otros chicos, fue muy r\u00e1pido, segundos, observ\u00e9 que se hab\u00eda iniciado otra pelea&#8221;, explic\u00f3 Colazo sobre lo que ocurri\u00f3 fuera de Le Brique.<\/p>\n\n\n\n<p>&#8220;Al ver que se hab\u00eda iniciado una pelea, me acerco y me muevo en forma de medialuna, me quedo parando mirando para todos lados. Recuerdo a M\u00e1ximo, a Ciro, escuch\u00e9 gritos. Veo a alguien en el piso, le pongo el brazo a M\u00e1ximo en el pecho y le tiro para atr\u00e1s con la intenci\u00f3n de que no se pelee. Me mira y ve que era yo, no puedo recordar si continu\u00f3 o finaliz\u00f3&#8221;, dijo.<\/p>\n\n\n\n<p>&#8220;Era una pelea, hab\u00eda pi\u00f1as, patadas. Vi cerca de m\u00ed a M\u00e1ximo pegar. Bien no vi a qui\u00e9n, no estoy seguro&#8221;, sigui\u00f3 con su relato Colazo.<\/p>\n\n\n\n<p>Ante esta declaraci\u00f3n, Burlando le pregunt\u00f3 si vio reaccionar a la persona que era golpeada. &#8220;Que yo recuerde no&#8221;. Consultado sobre qui\u00e9nes estaban cerca de la persona golpeada, dijo: &#8220;A M\u00e1ximo y a Ciro&#8221;.<\/p>\n\n\n\n<p>&#8220;\u00bfEra posible frenar el ataque?&#8221;, le pregunt\u00f3 Burlando, a lo que el testigo contest\u00f3: &#8220;Hice el intento, no quer\u00eda que se peleen&#8221;.<\/p>\n\n\n\n<p>Otra de las preguntas fue: &#8220;\u00bfViste que alguien agrediera a Thomsen?&#8221;. A lo que Colazo dijo: &#8220;En ese momento, no&#8221;.<\/p>\n\n\n\n<p>&#8220;\u00bfViste a Fernando agredir a alguien?&#8221;, pregunt\u00f3 Burlando. La respuesta fue: &#8220;No&#8221;.<\/p>\n","protected":false},"excerpt":{"rendered":"<p>El fiscal Juan Manuel D\u00e1vila apunt\u00f3 contra otros dos j\u00f3venes de Z\u00e1rate. En el primer tramo de la acusaci\u00f3n del Ministerio P\u00fablico, el fiscal Gustavo Garc\u00eda hab\u00eda explicado las pruebas&hellip; <\/p>\n","protected":false},"author":4,"featured_media":35544,"comment_status":"closed","ping_status":"open","sticky":false,"template":"","format":"standard","meta":{"footnotes":""},"categories":[5],"tags":[],"class_list":["post-35540","post","type-post","status-publish","format-standard","has-post-thumbnail","hentry","category-crimen-y-justicia"],"_links":{"self":[{"href":"https:\/\/corrientesdetarde.com\/index.php\/wp-json\/wp\/v2\/posts\/35540","targetHints":{"allow":["GET"]}}],"collection":[{"href":"https:\/\/corrientesdetarde.com\/index.php\/wp-json\/wp\/v2\/posts"}],"about":[{"href":"https:\/\/corrientesdetarde.com\/index.php\/wp-json\/wp\/v2\/types\/post"}],"author":[{"embeddable":true,"href":"https:\/\/corrientesdetarde.com\/index.php\/wp-json\/wp\/v2\/users\/4"}],"replies":[{"embeddable":true,"href":"https:\/\/corrientesdetarde.com\/index.php\/wp-json\/wp\/v2\/comments?post=35540"}],"version-history":[{"count":1,"href":"https:\/\/corrientesdetarde.com\/index.php\/wp-json\/wp\/v2\/posts\/35540\/revisions"}],"predecessor-version":[{"id":35545,"href":"https:\/\/corrientesdetarde.com\/index.php\/wp-json\/wp\/v2\/posts\/35540\/revisions\/35545"}],"wp:featuredmedia":[{"embeddable":true,"href":"https:\/\/corrientesdetarde.com\/index.php\/wp-json\/wp\/v2\/media\/35544"}],"wp:attachment":[{"href":"https:\/\/corrientesdetarde.com\/index.php\/wp-json\/wp\/v2\/media?parent=35540"}],"wp:term":[{"taxonomy":"category","embeddable":true,"href":"https:\/\/corrientesdetarde.com\/index.php\/wp-json\/wp\/v2\/categories?post=35540"},{"taxonomy":"post_tag","embeddable":true,"href":"https:\/\/corrientesdetarde.com\/index.php\/wp-json\/wp\/v2\/tags?post=35540"}],"curies":[{"name":"wp","href":"https:\/\/api.w.org\/{rel}","templated":true}]}}