{"id":35654,"date":"2023-01-26T13:45:41","date_gmt":"2023-01-26T16:45:41","guid":{"rendered":"https:\/\/corrientesdetarde.com\/?p=35654"},"modified":"2023-01-26T13:45:45","modified_gmt":"2023-01-26T16:45:45","slug":"nueva-interna-en-el-gobierno-wado-de-pedro-acuso-a-alberto-fernandez-de-excluirlo-de-una-reunion-con-lula","status":"publish","type":"post","link":"https:\/\/corrientesdetarde.com\/index.php\/politica\/nueva-interna-en-el-gobierno-wado-de-pedro-acuso-a-alberto-fernandez-de-excluirlo-de-una-reunion-con-lula\/","title":{"rendered":"Nueva interna en el Gobierno: \u201cWado\u201d De Pedro acus\u00f3 a Alberto Fern\u00e1ndez de excluirlo de una reuni\u00f3n con Lula"},"content":{"rendered":"\n<h2 class=\"wp-block-heading\">Crece el malestar en el kirchnerismo luego de que el Presidente no invitara a un encuentro con el mandatario brasile\u00f1o y organismos de derechos humanos al ministro del Interior, quien es hijo de desaparecidos. \u201cLo ve como un competidor\u201d, dijeron a TN fuentes cercanas al funcionario.<\/h2>\n\n\n\n<p>La\u00a0visita de Lula da Silva a la Argentina\u00a0sigue generando\u00a0<strong>pases de factura en el oficialismo<\/strong>. Adem\u00e1s de no conseguir que el flamante presidente brasile\u00f1o se reuniera con\u00a0<strong>Cristina Kirchner<\/strong>, en el sector alineado con la Vicepresidenta est\u00e1n\u00a0<strong>molestos con Alberto Fern\u00e1ndez<\/strong>\u00a0por haber\u00a0<strong>excluido a Eduardo \u201cWado\u201d de Pedro<\/strong>\u00a0de un encuentro con Lula y organismos de Derechos Humanos en Casa Rosada.<\/p>\n\n\n\n<p>El evento en cuesti\u00f3n ocurri\u00f3 el pasado lunes, en contexto de la visita del primer mandatario de Brasil al pa\u00eds por la cumbre de la CELAC. Participaron, adem\u00e1s del Presidente, decenas de representantes de organismos de derechos humanos, entre ellos&nbsp;<strong>Abuelas de Plaza de Mayo<\/strong>&nbsp;y&nbsp;<strong>Madres de Plaza de Mayo L\u00ednea Fundadora<\/strong>&nbsp;y el Premio Nobel de la Paz&nbsp;<strong>Adolfo P\u00e9rez Esquivel<\/strong>.<\/p>\n\n\n\n<p>Incluso hubo integrantes de la agrupaci\u00f3n HIJOS, pero\u00a0<strong>no De Pedro, uno de sus fundadores<\/strong>. Consultados por\u00a0<strong>TN\u00a0<\/strong>acerca de la ausencia del ministro del Interior, en el kirchnerismo se\u00f1alaron que \u201cpese a la trayectoria de militancia en el \u00e1rea\u201d que sostiene Wado, \u201c<strong>Alberto omiti\u00f3 invitarlo<\/strong>\u00a0<strong>porque lo ve como un competidor<\/strong>\u201d para las\u00a0pr\u00f3ximas elecciones.<\/p>\n\n\n\n<p>En el entorno de De Pedro aseguraron incluso que los organismos de Derechos Humanos \u201cllamaron al ministro para invitarlo, pero \u00e9l consider\u00f3 que como integrante del Gabinete&nbsp;<strong>no pod\u00eda asistir si no era invitado por el Presidente<\/strong>\u201d.<\/p>\n\n\n\n<p>La palabra que usaron en el entorno del ministro fue<strong>&nbsp;\u201cdolor\u201d<\/strong>, porque es un tema que \u201ctiene que ver con su historia\u201d. Y consideraron que \u201cmezclar ese tipo de cuestiones con especulaciones electorales ya es&nbsp;<strong>no tener c\u00f3digos<\/strong>\u201d.<\/p>\n\n\n\n<p>En la Rosada, en tanto, le quitan responsabilidad al Presidente: aseguran que no particip\u00f3 de la organizaci\u00f3n del encuentro, sino que&nbsp;<strong>\u201cla pidieron y la armaron\u201d<\/strong>&nbsp;los organismos de Derechos Humanos.<\/p>\n\n\n\n<h2 class=\"wp-block-heading\">Lula dej\u00f3 la Argentina y no hubo foto con Cristina Kirchner<\/h2>\n\n\n\n<figure class=\"wp-block-image\"><img decoding=\"async\" src=\"https:\/\/tn.com.ar\/resizer\/vDTxFP2r4iRkqRLmtIepjzVvPx0=\/767x0\/smart\/filters:format(webp)\/cloudfront-us-east-1.images.arcpublishing.com\/artear\/E6TYNFEJWBAJBBHCORWJBAKGOI\" alt=\"En el kirchnerismo descartan que el albertismo haya &quot;copado la agenda&quot; de Lula para que no pudiera encontrarse con Cristina Kirchner. (Foto: Reuters)\"\/><figcaption>En el kirchnerismo descartan que el albertismo haya &#8220;copado la agenda&#8221; de Lula para que no pudiera encontrarse con Cristina Kirchner. (Foto: Reuters)Por:&nbsp;<strong>REUTERS<\/strong><\/figcaption><\/figure>\n\n\n\n<p>Tras d\u00edas de rumores, negociaciones e idas y vueltas,&nbsp;<strong>Lula da Silva finalmente dej\u00f3 la Argentina sin reunirse con Cristina Kirchner<\/strong>. El mandatario brasile\u00f1o, que hab\u00eda llegado al pa\u00eds para participar de la cumbre de la CELAC, parti\u00f3 el mi\u00e9rcoles rumbo a Montevideo, en donde fue recibido por su par uruguayo Luis Lacalle Pou.<\/p>\n\n\n\n<p>Desde el inicio de la Celac, Cristina Kirchner encar\u00f3 una&nbsp;<strong>agenda paralela<\/strong>&nbsp;en la que se lo pudo ver con l\u00edderes latinoamericanos que visitaron su despacho en el Senado de la Naci\u00f3n. El kirchnerismo esperaba sumar a esta lista a Lula da Silva, pero el encuentro no fue posible debido a la&nbsp;<strong>falta de coordinaci\u00f3n&nbsp;<\/strong>en sus respectivas agendas.<\/p>\n","protected":false},"excerpt":{"rendered":"<p>Crece el malestar en el kirchnerismo luego de que el Presidente no invitara a un encuentro con el mandatario brasile\u00f1o y organismos de derechos humanos al ministro del Interior, quien&hellip; <\/p>\n","protected":false},"author":1,"featured_media":35655,"comment_status":"closed","ping_status":"open","sticky":false,"template":"","format":"standard","meta":{"footnotes":""},"categories":[3],"tags":[],"class_list":["post-35654","post","type-post","status-publish","format-standard","has-post-thumbnail","hentry","category-politica"],"_links":{"self":[{"href":"https:\/\/corrientesdetarde.com\/index.php\/wp-json\/wp\/v2\/posts\/35654","targetHints":{"allow":["GET"]}}],"collection":[{"href":"https:\/\/corrientesdetarde.com\/index.php\/wp-json\/wp\/v2\/posts"}],"about":[{"href":"https:\/\/corrientesdetarde.com\/index.php\/wp-json\/wp\/v2\/types\/post"}],"author":[{"embeddable":true,"href":"https:\/\/corrientesdetarde.com\/index.php\/wp-json\/wp\/v2\/users\/1"}],"replies":[{"embeddable":true,"href":"https:\/\/corrientesdetarde.com\/index.php\/wp-json\/wp\/v2\/comments?post=35654"}],"version-history":[{"count":1,"href":"https:\/\/corrientesdetarde.com\/index.php\/wp-json\/wp\/v2\/posts\/35654\/revisions"}],"predecessor-version":[{"id":35656,"href":"https:\/\/corrientesdetarde.com\/index.php\/wp-json\/wp\/v2\/posts\/35654\/revisions\/35656"}],"wp:featuredmedia":[{"embeddable":true,"href":"https:\/\/corrientesdetarde.com\/index.php\/wp-json\/wp\/v2\/media\/35655"}],"wp:attachment":[{"href":"https:\/\/corrientesdetarde.com\/index.php\/wp-json\/wp\/v2\/media?parent=35654"}],"wp:term":[{"taxonomy":"category","embeddable":true,"href":"https:\/\/corrientesdetarde.com\/index.php\/wp-json\/wp\/v2\/categories?post=35654"},{"taxonomy":"post_tag","embeddable":true,"href":"https:\/\/corrientesdetarde.com\/index.php\/wp-json\/wp\/v2\/tags?post=35654"}],"curies":[{"name":"wp","href":"https:\/\/api.w.org\/{rel}","templated":true}]}}