{"id":35779,"date":"2023-01-27T10:53:42","date_gmt":"2023-01-27T13:53:42","guid":{"rendered":"https:\/\/corrientesdetarde.com\/?p=35779"},"modified":"2023-01-27T10:53:46","modified_gmt":"2023-01-27T13:53:46","slug":"se-genero-un-incendio-mientras-cocinaba-una-persona-sufrio-quemaduras","status":"publish","type":"post","link":"https:\/\/corrientesdetarde.com\/index.php\/sociales\/se-genero-un-incendio-mientras-cocinaba-una-persona-sufrio-quemaduras\/","title":{"rendered":"Se gener\u00f3 un incendio mientras cocinaba: una persona sufri\u00f3 quemaduraS"},"content":{"rendered":"\n<p>Intervinieron los bomberos que contralaron el fuego.\u00a0<\/p>\n\n\n\n<p>Un hombre result\u00f3 con quemaduras tras incendiarse su casa mientras cocinaba, en la localidad correntina de Goya, informaron este jueves fuentes policiales.&nbsp;<\/p>\n\n\n\n<p>El tr\u00e1gico hecho se dio el mi\u00e9rcoles en una vivienda ubicada por calle Mitre al 1700.&nbsp;<\/p>\n\n\n\n<p><strong>&#8220;Cocinaba chorizo y el jugo hizo que se iniciar\u00e1 el fuego, se quem\u00f3 la manguera de la garrafa y esparci\u00f3 llamas por la cocina&#8221;,&nbsp;<\/strong>informaron las autoridades.<\/p>\n\n\n\n<p>El herido de apellido Sandoval se&nbsp;&nbsp;<strong>encuentra internado en el Hospital local con quemaduras en brazos y piernas.<\/strong><\/p>\n\n\n\n<p>Las lesiones se las produjo cuando intent\u00f3 sacar dos tubos de gas del interior de la vivienda, seg\u00fan consign\u00f3 el portal TN Goya.&nbsp;<\/p>\n\n\n\n<p>Entre tanto, gran parte de la vivienda fue consumida por el foco \u00edgneo.&nbsp;<\/p>\n\n\n\n<figure class=\"wp-block-image\"><img decoding=\"async\" src=\"https:\/\/pxc.cdn.ellitoral.com.ar\/litoral\/012023\/1674758559984.webp?cw=1125&amp;ch=1500&amp;extw=jpg\" alt=\"Se gener\u00f3 un incendio mientras cocinaba: una persona sufri\u00f3 quemaduras\"\/><\/figure>\n\n\n\n<p>Por otra parte, la Municipalidad local indic\u00f3 que a la familia afectada se le brind\u00f3 &#8220;todo tipo de socorro humanitario&#8221;.&nbsp;<\/p>\n\n\n\n<p>Adem\u00e1s, aseguraron que &#8220;se realiz\u00f3 la debida evaluaci\u00f3n de los da\u00f1os, averiguaciones para alojarlos y se provey\u00f3 de todo tipo de insumos y medicamentos para una r\u00e1pida y eficaz recuperaci\u00f3n de los damnificados&#8221;.&nbsp;<\/p>\n","protected":false},"excerpt":{"rendered":"<p>Intervinieron los bomberos que contralaron el fuego.\u00a0 Un hombre result\u00f3 con quemaduras tras incendiarse su casa mientras cocinaba, en la localidad correntina de Goya, informaron este jueves fuentes policiales.&nbsp; El&hellip; <\/p>\n","protected":false},"author":4,"featured_media":35780,"comment_status":"closed","ping_status":"open","sticky":false,"template":"","format":"standard","meta":{"footnotes":""},"categories":[17],"tags":[],"class_list":["post-35779","post","type-post","status-publish","format-standard","has-post-thumbnail","hentry","category-sociales"],"_links":{"self":[{"href":"https:\/\/corrientesdetarde.com\/index.php\/wp-json\/wp\/v2\/posts\/35779","targetHints":{"allow":["GET"]}}],"collection":[{"href":"https:\/\/corrientesdetarde.com\/index.php\/wp-json\/wp\/v2\/posts"}],"about":[{"href":"https:\/\/corrientesdetarde.com\/index.php\/wp-json\/wp\/v2\/types\/post"}],"author":[{"embeddable":true,"href":"https:\/\/corrientesdetarde.com\/index.php\/wp-json\/wp\/v2\/users\/4"}],"replies":[{"embeddable":true,"href":"https:\/\/corrientesdetarde.com\/index.php\/wp-json\/wp\/v2\/comments?post=35779"}],"version-history":[{"count":1,"href":"https:\/\/corrientesdetarde.com\/index.php\/wp-json\/wp\/v2\/posts\/35779\/revisions"}],"predecessor-version":[{"id":35781,"href":"https:\/\/corrientesdetarde.com\/index.php\/wp-json\/wp\/v2\/posts\/35779\/revisions\/35781"}],"wp:featuredmedia":[{"embeddable":true,"href":"https:\/\/corrientesdetarde.com\/index.php\/wp-json\/wp\/v2\/media\/35780"}],"wp:attachment":[{"href":"https:\/\/corrientesdetarde.com\/index.php\/wp-json\/wp\/v2\/media?parent=35779"}],"wp:term":[{"taxonomy":"category","embeddable":true,"href":"https:\/\/corrientesdetarde.com\/index.php\/wp-json\/wp\/v2\/categories?post=35779"},{"taxonomy":"post_tag","embeddable":true,"href":"https:\/\/corrientesdetarde.com\/index.php\/wp-json\/wp\/v2\/tags?post=35779"}],"curies":[{"name":"wp","href":"https:\/\/api.w.org\/{rel}","templated":true}]}}