{"id":36019,"date":"2023-01-28T12:40:14","date_gmt":"2023-01-28T15:40:14","guid":{"rendered":"https:\/\/corrientesdetarde.com\/?p=36019"},"modified":"2023-01-28T12:40:18","modified_gmt":"2023-01-28T15:40:18","slug":"el-fdt-destaco-la-solidez-y-coordinacion-del-oficialismo-en-la-comision-de-juicio-politico","status":"publish","type":"post","link":"https:\/\/corrientesdetarde.com\/index.php\/politica\/el-fdt-destaco-la-solidez-y-coordinacion-del-oficialismo-en-la-comision-de-juicio-politico\/","title":{"rendered":"El FdT destac\u00f3 \u201cla solidez y coordinaci\u00f3n\u201d del oficialismo en la comisi\u00f3n de Juicio Pol\u00edtico"},"content":{"rendered":"\n<h2 class=\"wp-block-heading\">Diputados del Frente de Todos (FdT) destacaron este viernes \u201cla solidez y coordinaci\u00f3n\u201d que tuvo el oficialismo en la Comisi\u00f3n de Juicio Pol\u00edtico de la c\u00e1mara baja en el inicio del proceso de remoci\u00f3n a los magistrados de la Corte Suprema, en tanto se confirm\u00f3 que las deliberaciones continuar\u00e1n el pr\u00f3ximo jueves con la exposici\u00f3n de los autores de los 14 expedientes que plantean cuestionamientos a los miembros del m\u00e1ximo tribunal.<\/h2>\n\n\n\n<p>El presidente del bloque de diputados nacionales del Frente de Todos (FdT) Germ\u00e1n Mart\u00ednez calific\u00f3 como \u201cabsolutamente positivo\u201d al primer encuentro de la Comisi\u00f3n de Juicio Pol\u00edtico que comenz\u00f3 ayer a analizar el proceso de remoci\u00f3n que es impulsado por el Gobierno Nacional, y asegur\u00f3 que durante el debate, los legisladores oficialistas \u201cno recurrieron a ninguna chicana\u201d.<\/p>\n\n\n\n<p>\u201cEl primer balance para nuestro bloque fue absolutamente positivo desde el punto de vista de los objetivos. Obtuvimos el quorum reglamentario, abrimos la comisi\u00f3n y (la diputada Carolina) Gaillard hizo lectura de los encabezados de los 14 expedientes y de las 60 acusaciones que constituyen el piso de las denuncias que estamos impulsando\u201d, afirm\u00f3 este viernes Mart\u00ednez en declaraciones a radio El Delta.<\/p>\n\n\n\n<p>En tanto, fuentes parlamentarias indicaron que el oficialismo de la C\u00e1mara de Diputados buscar\u00e1 retomar el debate sobre el juicio pol\u00edtico a los integrantes de la Corte Suprema el jueves, a las 11, en una nueva reuni\u00f3n de la comisi\u00f3n que preside la diputada nacional del FdT Carolina Gaillard.<\/p>\n\n\n\n<p>En ese marco, los legisladores analizar\u00e1n si abren el proceso de juicio pol\u00edtico contra Horacio Rosatti, Carlos Rosenkrantz, Juan Carlos Maqueda y Ricardo Lorenzetti.<\/p>\n\n\n\n<p>Los diputados que expondr\u00e1n sobre sus expedientes ser\u00e1n Vanesa Siley, Mar\u00eda Rosa Mart\u00ednez, Pablo Carro y Eduardo Vald\u00e9s, por los tres expedientes tramitados por el oficialismo, en el primer caso contra Carlos Rosenkrantz, y en los dos restantes contra los cuatro integrantes del m\u00e1ximo tribunal, y Paula Oliveto, por los dos escritos impulsados por la Coalici\u00f3n C\u00edvica contra Ricardo Lorenzetti.<\/p>\n\n\n\n<p>La senadora Juliana di Tulio, del Frente de Todos, har\u00e1 lo propio en relaci\u00f3n a los dos expedientes que impulsa contra los cuatro miembros y Rosatti en particular.<\/p>\n\n\n\n<p>En cuanto a los particulares, estar\u00e1n representantes de la Asociaci\u00f3n Argentina de Juristas, que solicit\u00f3 juicio pol\u00edtico contra los cuatro integrantes de la Corte, y de la Asociaci\u00f3n Civil por la Exigibilidad de los Derechos Sociales, que lo hizo contra Rosenkrantz y Lorenzetti.<\/p>\n\n\n\n<p>Los particulares Antonio De Martino, Ricardo La Greca y Patricia Isasa dar\u00e1n sus fundamentos en relaci\u00f3n al pedido que realizaron contra los cuatro integrantes, y Pablo Llonto y Diego S\u00e1nchez lo har\u00e1n sobre los escritos presentados en relaci\u00f3n al desempe\u00f1o de Rosattti.<\/p>\n\n\n\n<p>De esta manera, se retomar\u00e1 el proceso que se inici\u00f3 ayer en el marco de una reuni\u00f3n que tuvo fuertes cruces entre oficialismo y oposici\u00f3n en el que se repasaron los 14 proyectos que solicitan el desplazamiento de los cuatro magistrados por distintas causales.<\/p>\n\n\n\n<p>\u201cNuestro bloque estuvo s\u00f3lido, coordinado. Ellos -por Juntos por el Cambio (JxC)- asistieron a la comisi\u00f3n y de esta forma legitimaron estas denuncias. El objetivo que seguimos en este proceso es preservar a la instituci\u00f3n de sus funcionarios\u201d, se\u00f1al\u00f3 este mismo viernes la diputada nacional y miembro del Consejo de la Magistratura Vanesa Siley en declaraciones formuladas a la radio AM750.<\/p>\n\n\n\n<p>En tanto, el diputado nacional Juan Manuel Pedrini afirm\u00f3 que durante la primera reuni\u00f3n de la Comisi\u00f3n \u201cel \u00fanico circo fue el que arm\u00f3 la oposici\u00f3n\u201d en respuesta a las declaraciones de algunos legisladores de JxC y a\u00f1adi\u00f3 que hubo \u201cagravios\u201d contra el oficialismo.<\/p>\n\n\n\n<p>\u201cEra lo mismo que hab\u00edan titulado los diarios de los medios hegem\u00f3nicos. Adem\u00e1s qued\u00f3 claro que no se les cae ni una idea. Repiten lo que leen. As\u00ed y todo se tuvieron que sentar en su banca a rega\u00f1adientes y convalidaron as\u00ed, con su presencia, este juicio pol\u00edtico\u201d, sostuvo Pedrini a radio AM750.<\/p>\n\n\n\n<p>Por otra parte, el diputado nacional e integrante de la Comisi\u00f3n Marcos Cleri consider\u00f3 que el comienzo del proceso a los jueces de la Corte Suprema servir\u00e1 para \u201creforzar la democracia\u201d y para echar luz sobre los \u201cabusos de poder que cometieron\u201d desde el m\u00e1ximo tribunal \u201cen beneficio de algunos sectores y en perjuicio del inter\u00e9s general de la naci\u00f3n\u201d.<\/p>\n\n\n\n<p>\u201cHay 14 pedidos de juicio pol\u00edtico y m\u00e1s de 60 imputaciones de delito contra los magistrados. Este proceso pol\u00edtico servir\u00e1 para evaluar si los actuales miembros de la Corte Suprema son realmente independientes\u201d, afirm\u00f3 a la radio AM 530.<\/p>\n\n\n\n<p>Asimismo, la abogada y directora general de Asuntos Jur\u00eddicos del Senado de la Naci\u00f3n, Graciana Pe\u00f1afort, asegur\u00f3 que el jueves se inici\u00f3 un proceso que ser\u00e1 \u201chist\u00f3rico\u201d y anticip\u00f3 que \u201cvan a venir fallos pol\u00e9micos\u201d al finalizar la feria judicial.<\/p>\n\n\n\n<p>\u201cAyer vimos las fracturas que tienen de modo interno quienes quieren defender el principio de esta Corte Suprema. Hay un n\u00famero de actores que ya han decidido su posici\u00f3n y no van a cambiar, pero hay otros que est\u00e1n a la espera del que resulta este juicio pol\u00edtico. No est\u00e1n dispuestos a hacer cualquier mamarracho\u201d, se\u00f1al\u00f3 Pe\u00f1afort a radio El Destape.<\/p>\n","protected":false},"excerpt":{"rendered":"<p>Diputados del Frente de Todos (FdT) destacaron este viernes \u201cla solidez y coordinaci\u00f3n\u201d que tuvo el oficialismo en la Comisi\u00f3n de Juicio Pol\u00edtico de la c\u00e1mara baja en el inicio&hellip; <\/p>\n","protected":false},"author":1,"featured_media":36020,"comment_status":"closed","ping_status":"open","sticky":false,"template":"","format":"standard","meta":{"footnotes":""},"categories":[3],"tags":[],"class_list":["post-36019","post","type-post","status-publish","format-standard","has-post-thumbnail","hentry","category-politica"],"_links":{"self":[{"href":"https:\/\/corrientesdetarde.com\/index.php\/wp-json\/wp\/v2\/posts\/36019","targetHints":{"allow":["GET"]}}],"collection":[{"href":"https:\/\/corrientesdetarde.com\/index.php\/wp-json\/wp\/v2\/posts"}],"about":[{"href":"https:\/\/corrientesdetarde.com\/index.php\/wp-json\/wp\/v2\/types\/post"}],"author":[{"embeddable":true,"href":"https:\/\/corrientesdetarde.com\/index.php\/wp-json\/wp\/v2\/users\/1"}],"replies":[{"embeddable":true,"href":"https:\/\/corrientesdetarde.com\/index.php\/wp-json\/wp\/v2\/comments?post=36019"}],"version-history":[{"count":1,"href":"https:\/\/corrientesdetarde.com\/index.php\/wp-json\/wp\/v2\/posts\/36019\/revisions"}],"predecessor-version":[{"id":36021,"href":"https:\/\/corrientesdetarde.com\/index.php\/wp-json\/wp\/v2\/posts\/36019\/revisions\/36021"}],"wp:featuredmedia":[{"embeddable":true,"href":"https:\/\/corrientesdetarde.com\/index.php\/wp-json\/wp\/v2\/media\/36020"}],"wp:attachment":[{"href":"https:\/\/corrientesdetarde.com\/index.php\/wp-json\/wp\/v2\/media?parent=36019"}],"wp:term":[{"taxonomy":"category","embeddable":true,"href":"https:\/\/corrientesdetarde.com\/index.php\/wp-json\/wp\/v2\/categories?post=36019"},{"taxonomy":"post_tag","embeddable":true,"href":"https:\/\/corrientesdetarde.com\/index.php\/wp-json\/wp\/v2\/tags?post=36019"}],"curies":[{"name":"wp","href":"https:\/\/api.w.org\/{rel}","templated":true}]}}