{"id":36022,"date":"2023-01-28T12:45:01","date_gmt":"2023-01-28T15:45:01","guid":{"rendered":"https:\/\/corrientesdetarde.com\/?p=36022"},"modified":"2023-01-28T12:45:04","modified_gmt":"2023-01-28T15:45:04","slug":"sancionaron-a-un-rugbier-argentino-por-un-repudiable-regalo-xenofobo","status":"publish","type":"post","link":"https:\/\/corrientesdetarde.com\/index.php\/deportes\/sancionaron-a-un-rugbier-argentino-por-un-repudiable-regalo-xenofobo\/","title":{"rendered":"Sancionaron a un rugbier argentino por un repudiable &#8220;regalo&#8221; xen\u00f3fobo"},"content":{"rendered":"\n<p>Tras casi un mes de iniciada la demanda, se resolvi\u00f3 que el rugbier Iv\u00e1n Nemer no podr\u00e1 jugar hasta el 30 de junio de 2023.<\/p>\n\n\n\n<p>El pilar internacional italiano del Treviso&nbsp;<strong>Iv\u00e1n Nemer,<\/strong>&nbsp;nacido en Argentina, fue suspendido hasta final de temporada por la&nbsp;<strong>Federaci\u00f3n Italiana de Rugby<\/strong>&nbsp;(FIR) luego de que una investigaci\u00f3n determinara que fue este rugbier quien le regal\u00f3 una banana podrida en Navidad a un compa\u00f1ero de origen guineano.<\/p>\n\n\n\n<p>Tras esta decisi\u00f3n del tribunal federal, Nemer (24 a\u00f1os, 11 partidos como internacional)\u00a0<strong>qued\u00f3 suspendido hasta el 30 de junio<\/strong>. El rugbier renunci\u00f3 a recurrir a la FIR para apelar esta sentencia.<\/p>\n\n\n\n<p>El pasado 21 de diciembre, el pilar internacional italiano&nbsp;<strong>Cherif Traor\u00e9<\/strong>&nbsp;(28 a\u00f1os, 10 partidos como internacional) denunci\u00f3 en su cuenta de Instagram que un d\u00eda antes hab\u00eda recibido envuelta una banana podrida en un intercambio de regalos que los miembros del equipo realizaron de forma an\u00f3nima en v\u00edsperas de la Navidad pasada.<\/p>\n\n\n\n<figure class=\"wp-block-image\"><img decoding=\"async\" src=\"https:\/\/media.minutouno.com\/p\/35421c13be250184741eb5d168dadce1\/adjuntos\/150\/imagenes\/040\/461\/0040461411\/610x0\/smart\/ivan-nemer-amigo-africanojpg.jpg\" alt=\"\"\/><\/figure>\n\n\n\n<p><strong>&#8220;No solo es algo impactante, sino que lo que m\u00e1s me doli\u00f3 fue ver a la mayor\u00eda de mis compa\u00f1eros riendo. Como si fuera normal&#8221;<\/strong>, denunci\u00f3 entonces el jugador desde las redes sociales.<\/p>\n\n\n\n<p><strong>&#8220;Estoy acostumbrado, o m\u00e1s bien he tenido que acostumbrarme, a poner buena cara cada vez que escucho bromas racistas, pero lo que pas\u00f3 ayer fue diferente&#8221;<\/strong>, afirm\u00f3.<\/p>\n\n\n\n<p>Su club, que reiter\u00f3 en todo momento su&nbsp;<strong>&#8220;firme condena a toda expresi\u00f3n de racismo&#8221;<\/strong>, explic\u00f3 que todo el plantel y el cuerpo t\u00e9cnico se disculparon ante Traor\u00e9.<\/p>\n\n\n\n<h2 class=\"wp-block-heading\">EL DESCARGO DE IV\u00c1N NEMER TRAS EL REGALO XEN\u00d3FOBO<\/h2>\n\n\n\n<p><em><strong>\u201cEl racismo no ha tenido ni tendr\u00e1 nunca ning\u00fan papel en mi vida, como no deber\u00eda tenerlo en la vida de ninguno de nosotros. Lamento profundamente lo sucedido, por la estupidez de mi gesto, por el disgusto causado a un amigo, por haber causado da\u00f1o a mi equipo, a mis compa\u00f1eros, al pa\u00eds que represento y al juego que amo.<\/strong><\/em><\/p>\n\n\n\n<p><em><strong>Vengo de un pa\u00eds multicultural como la Argentina, donde las culturas se mezclan desde hace m\u00e1s de un siglo, y siempre he compartido vestuario y cancha con compa\u00f1eros y amigos de todo el mundo.<\/strong><\/em><\/p>\n\n\n\n<p><em><strong>Lo que pas\u00f3 no me representa, pero al mismo tiempo debe hacerme y hacernos reflexionar sobre cu\u00e1nto m\u00e1s queda por hacer para cambiar nuestra cultura, superar los estereotipos m\u00e1s descarados, acercarnos a\u00fan m\u00e1s de lo que ya se est\u00e1. sucediendo.<\/strong><\/em><\/p>\n\n\n\n<p><em><strong>Acepto la descalificaci\u00f3n y el proceso de reincorporaci\u00f3n con serenidad pero sobre todo conf\u00edo en que en los pr\u00f3ximos meses y a\u00f1os podr\u00e9 contribuir con mi testimonio a concientizar a cada vez m\u00e1s j\u00f3venes rugbiers sobre temas que deben ser abordados y entendido para mejorar no solo nuestro deporte, sino el mundo en el que vivimos\u201d.<\/strong><\/em><\/p>\n","protected":false},"excerpt":{"rendered":"<p>Tras casi un mes de iniciada la demanda, se resolvi\u00f3 que el rugbier Iv\u00e1n Nemer no podr\u00e1 jugar hasta el 30 de junio de 2023. El pilar internacional italiano del&hellip; <\/p>\n","protected":false},"author":1,"featured_media":36023,"comment_status":"closed","ping_status":"open","sticky":false,"template":"","format":"standard","meta":{"footnotes":""},"categories":[4],"tags":[],"class_list":["post-36022","post","type-post","status-publish","format-standard","has-post-thumbnail","hentry","category-deportes"],"_links":{"self":[{"href":"https:\/\/corrientesdetarde.com\/index.php\/wp-json\/wp\/v2\/posts\/36022","targetHints":{"allow":["GET"]}}],"collection":[{"href":"https:\/\/corrientesdetarde.com\/index.php\/wp-json\/wp\/v2\/posts"}],"about":[{"href":"https:\/\/corrientesdetarde.com\/index.php\/wp-json\/wp\/v2\/types\/post"}],"author":[{"embeddable":true,"href":"https:\/\/corrientesdetarde.com\/index.php\/wp-json\/wp\/v2\/users\/1"}],"replies":[{"embeddable":true,"href":"https:\/\/corrientesdetarde.com\/index.php\/wp-json\/wp\/v2\/comments?post=36022"}],"version-history":[{"count":1,"href":"https:\/\/corrientesdetarde.com\/index.php\/wp-json\/wp\/v2\/posts\/36022\/revisions"}],"predecessor-version":[{"id":36024,"href":"https:\/\/corrientesdetarde.com\/index.php\/wp-json\/wp\/v2\/posts\/36022\/revisions\/36024"}],"wp:featuredmedia":[{"embeddable":true,"href":"https:\/\/corrientesdetarde.com\/index.php\/wp-json\/wp\/v2\/media\/36023"}],"wp:attachment":[{"href":"https:\/\/corrientesdetarde.com\/index.php\/wp-json\/wp\/v2\/media?parent=36022"}],"wp:term":[{"taxonomy":"category","embeddable":true,"href":"https:\/\/corrientesdetarde.com\/index.php\/wp-json\/wp\/v2\/categories?post=36022"},{"taxonomy":"post_tag","embeddable":true,"href":"https:\/\/corrientesdetarde.com\/index.php\/wp-json\/wp\/v2\/tags?post=36022"}],"curies":[{"name":"wp","href":"https:\/\/api.w.org\/{rel}","templated":true}]}}