{"id":36056,"date":"2023-01-28T22:23:56","date_gmt":"2023-01-29T01:23:56","guid":{"rendered":"https:\/\/corrientesdetarde.com\/?p=36056"},"modified":"2023-01-28T22:24:00","modified_gmt":"2023-01-29T01:24:00","slug":"peru-un-micro-que-transportaba-60-pasajeros-cayo-al-vacio-en-el-desierto-de-piura-y-hay-al-menos-25-muertos","status":"publish","type":"post","link":"https:\/\/corrientesdetarde.com\/index.php\/internacionales\/peru-un-micro-que-transportaba-60-pasajeros-cayo-al-vacio-en-el-desierto-de-piura-y-hay-al-menos-25-muertos\/","title":{"rendered":"Per\u00fa: un micro que transportaba 60 pasajeros cay\u00f3 al vac\u00edo en el desierto de Piura y hay al menos 25 muertos"},"content":{"rendered":"\n<h2 class=\"wp-block-heading\">Hubo personas que quedaron atrapadas dentro del veh\u00edculo mientras que otras salieron despedidas por la violencia del choque. Los heridos fueron trasladados a los hospitales de El Alto y M\u00e1ncora.<\/h2>\n\n\n\n<p>Alrededor de 25 personas murieron en un accidente en la regi\u00f3n de Piura, al norte de\u00a0Lima, la madrugada de este s\u00e1bado, cuando\u00a0<strong>un micro que transportaba a 60 pasajeros cay\u00f3 por un precipicio.<\/strong><\/p>\n\n\n\n<p>La polic\u00eda inform\u00f3 que los heridos -la cifra exacta no ha sido confirmada- fueron trasladados a los hospitales de El Alto y M\u00e1ncora, balnearios de veraneo en Per\u00fa, ubicados a 1.000 kil\u00f3metros al norte de la capital peruana.<\/p>\n\n\n\n<p>Las autoridades tambi\u00e9n informaron que&nbsp;<strong>algunos pasajeros quedaron atrapados en el veh\u00edculo<\/strong>&nbsp;y otros salieron despedidos por causa de la violencia del choque..<\/p>\n\n\n\n<p>El micro, que pertenece a la empresa Q\u2019orianka Tours, sali\u00f3 de Lima con destino a Tumbes, en la frontera con&nbsp;<a href=\"https:\/\/tn.com.ar\/tecno\/redes-sociales\/2023\/01\/26\/para-cuidar-el-agua-un-joven-se-bano-bajo-la-lluvia-en-medio-de-un-temporal-y-sorprendio-a-todos-en-tiktok\/\" target=\"_blank\" rel=\"noreferrer noopener\">Ecuador<\/a>, report\u00f3&nbsp;<em>AFP<\/em>. Cuando le faltaban aproximadamente 260 kil\u00f3metros para llegar a destino,&nbsp;<strong>se sali\u00f3 de la ruta en una \u00e1rea des\u00e9rtica<\/strong>&nbsp;de la localidad de \u00d3rganos.<\/p>\n\n\n\n<figure class=\"wp-block-image\"><img decoding=\"async\" src=\"https:\/\/tn.com.ar\/resizer\/Vh0xHGCHgcwYrg_Tur9Ft5zFYGY=\/767x0\/smart\/filters:format(webp)\/cloudfront-us-east-1.images.arcpublishing.com\/artear\/AA7E5RUFKFBXNDJIM3A5ZV37QM.jfif\" alt=\"La polic\u00eda presume que el conductor perdi\u00f3 el control en una pendiente muy empinada por la oscuridad. (Foto: La Rep\u00fablica.)\"\/><figcaption>La polic\u00eda presume que el conductor perdi\u00f3 el control en una pendiente muy empinada por la oscuridad. (Foto: La Rep\u00fablica.)<\/figcaption><\/figure>\n\n\n\n<p>La Superintendencia de Transporte Terrestre de Personas, Carga y Mercanc\u00edas (Sutran), que supervisa el transporte terrestre nacional de Per\u00fa, confirm\u00f3 el accidente. De igual forma, emiti\u00f3 un comunicado al respecto: \u201cSutran lamenta profundamente la p\u00e9rdida de valiosas vidas humanas y, como parte de las acciones dispuestas, hemos iniciado las verificaciones correspondientes a fin de proceder con las actuaciones en el marco de nuestras competencias\u201d.<\/p>\n\n\n\n<p>El ente tambi\u00e9n confirm\u00f3 que el micro<strong>&nbsp;ten\u00eda la \u201chabilitaci\u00f3n para brindar el servicio de transporte de personas<\/strong>, Certificado de Inspecci\u00f3n T\u00e9cnica Vehicular (CITV) y Seguro Obligatorio de Accidentes de Tr\u00e1nsito (SOAT) vigentes\u201d.<\/p>\n\n\n\n<p>Seg\u00fan el medio&nbsp;<em>Radio Programas del Per\u00fa (RPP),&nbsp;<\/em>la tragediaocurri\u00f3 aproximadamente a las 3 de la madrugada (hora local). La Polic\u00eda Nacional del Per\u00fa (PNP) comenz\u00f3 a investigar las causas del accidente, pero presume que el conductor&nbsp;<strong>perdi\u00f3 el control en un tramo con una pendiente muy pronunciada<\/strong>&nbsp;debido a la oscuridad.<\/p>\n\n\n\n<p>Los cuerpos fueron trasladados a la morgue de la ciudad de Talara, en el departamento de Piura, donde ser\u00e1n identificados.<\/p>\n","protected":false},"excerpt":{"rendered":"<p>Hubo personas que quedaron atrapadas dentro del veh\u00edculo mientras que otras salieron despedidas por la violencia del choque. Los heridos fueron trasladados a los hospitales de El Alto y M\u00e1ncora.&hellip; <\/p>\n","protected":false},"author":1,"featured_media":36057,"comment_status":"closed","ping_status":"open","sticky":false,"template":"","format":"standard","meta":{"footnotes":""},"categories":[11],"tags":[],"class_list":["post-36056","post","type-post","status-publish","format-standard","has-post-thumbnail","hentry","category-internacionales"],"_links":{"self":[{"href":"https:\/\/corrientesdetarde.com\/index.php\/wp-json\/wp\/v2\/posts\/36056","targetHints":{"allow":["GET"]}}],"collection":[{"href":"https:\/\/corrientesdetarde.com\/index.php\/wp-json\/wp\/v2\/posts"}],"about":[{"href":"https:\/\/corrientesdetarde.com\/index.php\/wp-json\/wp\/v2\/types\/post"}],"author":[{"embeddable":true,"href":"https:\/\/corrientesdetarde.com\/index.php\/wp-json\/wp\/v2\/users\/1"}],"replies":[{"embeddable":true,"href":"https:\/\/corrientesdetarde.com\/index.php\/wp-json\/wp\/v2\/comments?post=36056"}],"version-history":[{"count":1,"href":"https:\/\/corrientesdetarde.com\/index.php\/wp-json\/wp\/v2\/posts\/36056\/revisions"}],"predecessor-version":[{"id":36058,"href":"https:\/\/corrientesdetarde.com\/index.php\/wp-json\/wp\/v2\/posts\/36056\/revisions\/36058"}],"wp:featuredmedia":[{"embeddable":true,"href":"https:\/\/corrientesdetarde.com\/index.php\/wp-json\/wp\/v2\/media\/36057"}],"wp:attachment":[{"href":"https:\/\/corrientesdetarde.com\/index.php\/wp-json\/wp\/v2\/media?parent=36056"}],"wp:term":[{"taxonomy":"category","embeddable":true,"href":"https:\/\/corrientesdetarde.com\/index.php\/wp-json\/wp\/v2\/categories?post=36056"},{"taxonomy":"post_tag","embeddable":true,"href":"https:\/\/corrientesdetarde.com\/index.php\/wp-json\/wp\/v2\/tags?post=36056"}],"curies":[{"name":"wp","href":"https:\/\/api.w.org\/{rel}","templated":true}]}}