{"id":36059,"date":"2023-01-28T22:25:45","date_gmt":"2023-01-29T01:25:45","guid":{"rendered":"https:\/\/corrientesdetarde.com\/?p=36059"},"modified":"2023-01-28T22:25:52","modified_gmt":"2023-01-29T01:25:52","slug":"escala-la-interna-dura-reaccion-del-kirchnerismo-bonaerense-contra-tolosa-paz-por-la-polemica-con-wado-de-pedro","status":"publish","type":"post","link":"https:\/\/corrientesdetarde.com\/index.php\/politica\/escala-la-interna-dura-reaccion-del-kirchnerismo-bonaerense-contra-tolosa-paz-por-la-polemica-con-wado-de-pedro\/","title":{"rendered":"Escala la interna: dura reacci\u00f3n del kirchnerismo bonaerense contra Tolosa Paz por la pol\u00e9mica con Wado de Pedro"},"content":{"rendered":"\n<h2 class=\"wp-block-heading\">Desde el seno del gobierno de Axel Kicillof cuestionaron a la ministra de Desarrollo Social de la Naci\u00f3n, luego de que le exigiera una \u201caclaraci\u00f3n\u201d a su par de Interior respecto del malestar que dej\u00f3 trascender por no haber sido incluido en un encuentro entre el presidente de Brasil, Lula Da Silva, y organismos de Derechos Humanos.<\/h2>\n\n\n\n<p>Lejos de distenderse, el clima enrarecido entre el kirchnerismo y el entorno del presidente&nbsp;<strong>Alberto Fern\u00e1ndez<\/strong>&nbsp;a ra\u00edz de un supuesto desplante al ministro del interior&nbsp;<strong>Eduardo \u201cWado\u201d de Pedro<\/strong>&nbsp;contin\u00faa. Primero fue el entorno del propio funcionario el que dej\u00f3 trascender su molestia por no haber sido incluido en el encuentro del lunes 23 de enero entre el presidente de Brasil,&nbsp;<strong>Luiz Inacio Lula Da Silva<\/strong>, y referentes de organismos de Derechos Humanos, en un convite organizado en el Sal\u00f3n Blanco de la Casa Rosada.<\/p>\n\n\n\n<p>Tras el revuelo que gener\u00f3 la exposici\u00f3n de una nueva fractura interna en el seno del gobierno, la ministra de Desarrollo Social,&nbsp;<strong>Victoria Tolosa Paz<\/strong>, cercana al presidente, le exigi\u00f3 a su colega del gabinete nacional que brindara explicaciones en relaci\u00f3n a la versi\u00f3n de su enojo y que, en tal caso, se hiciera cargo abiertamente de ello. \u201cO est\u00e1s adentro o est\u00e1s afuera\u201d, presion\u00f3 la funcionaria en declaraciones a medios de Mar del Plata.<\/p>\n\n\n\n<p>El cuestionamiento de la ministra albertista a De Pedro, cercan\u00edsimo a la vicepresidenta&nbsp;<strong>Cristina Fern\u00e1ndez de Kirchner<\/strong>, gener\u00f3 una nueva respuesta, esta vez desde el seno del gobierno de la provincia de Buenos Aires, que encabeza otro integrante del kirchnerismo como&nbsp;<strong>Axel Kicillof<\/strong>. En efecto, fue la ex decana de la Facultad de Periodismo de La Plata y actual presidenta del Instituto de Cultural del GPBA,&nbsp;<strong>Florencia Saintout<\/strong>, adversaria pol\u00edtica de Tolosa Paz en La Plata, quien sali\u00f3 al cruce.<\/p>\n\n\n\n<p>\u201cPrimero la patria, despu\u00e9s el movimiento y por \u00faltimo las personas Victoria Tolosa Paz, te lo repito porque parece que nunca lo entendiste\u201d, apunt\u00f3 la funcionaria bonaerense en su cuenta de la red social Twitter, arrobando a la actual ministra quien tuvo un paso por el concejo deliberante de La Plata, distrito en donde tiene como adversaria dentro del peronismo a Saintout.<\/p>\n\n\n\n<p><img loading=\"lazy\" decoding=\"async\" alt=\"Florencia Saintout tild\u00f3 a Victoria Tolosa Paz de &quot;antiperonista&quot; (Twitter)\" height=\"618\" width=\"1072\" class=\"\" src=\"https:\/\/cloudfront-us-east-1.images.arcpublishing.com\/infobae\/H55S7ZCX6VDARJ2BXYHXXMFTRE.jpg\" srcset=\"https:\/\/www.infobae.com\/new-resizer\/y9sX6Qjmzqnl3RExoNA3Qtq_SMk=\/992x606\/filters:format(webp):quality(85)\/cloudfront-us-east-1.images.arcpublishing.com\/infobae\/H55S7ZCX6VDARJ2BXYHXXMFTRE.jpg 992w\">Florencia Saintout tild\u00f3 a Victoria Tolosa Paz de &#8220;antiperonista&#8221; (Twitter)<\/p>\n\n\n\n<p>Un poco antes de Saintout, otra referente del kirchnerismo bonaerense hab\u00eda cuestionado en un tono similar a la ministra Tolosa Paz. La ex ministra de gobierno y actual senadora por la provincia de Buenos Aires, Mar\u00eda Teresa Garc\u00eda, hab\u00eda expresado que no le parec\u00eda \u201cresponsable\u201d el planteo hacia Wado de Pedro. \u201cTodos trabajamos para sacar el pa\u00eds adelante, no me parece responsable su consideraci\u00f3n\u201d, escribi\u00f3 Garc\u00eda arrobando a la titular de la cartera de Desarrollo Social.<\/p>\n\n\n\n<p><img loading=\"lazy\" decoding=\"async\" alt=\"Mar\u00eda Teresa Garc\u00eda cuestion\u00f3 a Victoria Tolosa Paz (Twitter)\" height=\"618\" width=\"1072\" class=\"\" src=\"https:\/\/cloudfront-us-east-1.images.arcpublishing.com\/infobae\/JTBTI3L3HZBIVDVJCI4IIAQZGI.jpg\" srcset=\"https:\/\/www.infobae.com\/new-resizer\/FrLOA2ek2lLPiU8A36V5oU1823Q=\/992x606\/filters:format(webp):quality(85)\/cloudfront-us-east-1.images.arcpublishing.com\/infobae\/JTBTI3L3HZBIVDVJCI4IIAQZGI.jpg 992w\">Mar\u00eda Teresa Garc\u00eda cuestion\u00f3 a Victoria Tolosa Paz (Twitter)<\/p>\n\n\n\n<p>La discusi\u00f3n p\u00fablica que se da en el Frente de Todos se inscribe en la en\u00e9sima versi\u00f3n de la interna que exhibe el espacio pol\u00edtico que lleg\u00f3 al gobierno nacional en 2019, a ra\u00edz de la falta de acuerdo entre dos de sus m\u00e1ximos referentes, el presidente Alberto Fern\u00e1ndez y la vicepresidenta Cristina Fern\u00e1ndez de Kirchner.<\/p>\n\n\n\n<p>El estallido esta vez provino del enojo expresado alrededor del ministro del interior, quien es hijo de desaparecidos, fundador de la organizaci\u00f3n H.I.J.O.S. y tiene v\u00ednculos muy cercanos con el resto de las organizaciones. De Pedro consider\u00f3 que lo dejaron afuera del encuentro con Lula por un resquemor hacia su potencial candidatura a presidente en 2023. \u201cMezclar esas cosas (por la lucha de DD.HH.) con las especulaciones electorales es ya no tener c\u00f3digos\u201d, dijeron cerca del funcionario.<\/p>\n\n\n\n<p>En sentido inverso, desde Casa Rosada allegados al presidente Fern\u00e1ndez consideran que la pol\u00e9mica es impulsada por el propio De Pedro con el objetivo de levantar su perfil teniendo como objetivo de fondo la carrera presidencial de este a\u00f1o.<\/p>\n\n\n\n<p>\u201cNo me queda muy claro si es una informaci\u00f3n en off del ministro o de su entorno. Si fueron declaraciones del propio ministro, creo que es un buen momento para aclarar si es un trascendido medi\u00e1tico utilizado para alg\u00fan sentido. Es buen momento para que el ministro De Pedro pueda aclarar si esto ocurri\u00f3 o no porque ponen en boca de \u00e9l alguna situaci\u00f3n como falta de c\u00f3digos. Si hay falta de c\u00f3digos en todo caso es en referencia de qui\u00e9nes son parte de un Gobierno y critican al Gobierno\u201d, dijo Victoria Tolosa Paz, en la primera respuesta abierta del entorno presidencial hacia el ministro kirchnerista.<\/p>\n","protected":false},"excerpt":{"rendered":"<p>Desde el seno del gobierno de Axel Kicillof cuestionaron a la ministra de Desarrollo Social de la Naci\u00f3n, luego de que le exigiera una \u201caclaraci\u00f3n\u201d a su par de Interior&hellip; <\/p>\n","protected":false},"author":1,"featured_media":36060,"comment_status":"closed","ping_status":"open","sticky":false,"template":"","format":"standard","meta":{"footnotes":""},"categories":[3],"tags":[],"class_list":["post-36059","post","type-post","status-publish","format-standard","has-post-thumbnail","hentry","category-politica"],"_links":{"self":[{"href":"https:\/\/corrientesdetarde.com\/index.php\/wp-json\/wp\/v2\/posts\/36059","targetHints":{"allow":["GET"]}}],"collection":[{"href":"https:\/\/corrientesdetarde.com\/index.php\/wp-json\/wp\/v2\/posts"}],"about":[{"href":"https:\/\/corrientesdetarde.com\/index.php\/wp-json\/wp\/v2\/types\/post"}],"author":[{"embeddable":true,"href":"https:\/\/corrientesdetarde.com\/index.php\/wp-json\/wp\/v2\/users\/1"}],"replies":[{"embeddable":true,"href":"https:\/\/corrientesdetarde.com\/index.php\/wp-json\/wp\/v2\/comments?post=36059"}],"version-history":[{"count":1,"href":"https:\/\/corrientesdetarde.com\/index.php\/wp-json\/wp\/v2\/posts\/36059\/revisions"}],"predecessor-version":[{"id":36061,"href":"https:\/\/corrientesdetarde.com\/index.php\/wp-json\/wp\/v2\/posts\/36059\/revisions\/36061"}],"wp:featuredmedia":[{"embeddable":true,"href":"https:\/\/corrientesdetarde.com\/index.php\/wp-json\/wp\/v2\/media\/36060"}],"wp:attachment":[{"href":"https:\/\/corrientesdetarde.com\/index.php\/wp-json\/wp\/v2\/media?parent=36059"}],"wp:term":[{"taxonomy":"category","embeddable":true,"href":"https:\/\/corrientesdetarde.com\/index.php\/wp-json\/wp\/v2\/categories?post=36059"},{"taxonomy":"post_tag","embeddable":true,"href":"https:\/\/corrientesdetarde.com\/index.php\/wp-json\/wp\/v2\/tags?post=36059"}],"curies":[{"name":"wp","href":"https:\/\/api.w.org\/{rel}","templated":true}]}}