{"id":36065,"date":"2023-01-28T22:28:28","date_gmt":"2023-01-29T01:28:28","guid":{"rendered":"https:\/\/corrientesdetarde.com\/?p=36065"},"modified":"2023-01-28T22:28:31","modified_gmt":"2023-01-29T01:28:31","slug":"cuatro-comparseros-terminaron-heridos-tras-caerse-de-una-carroza","status":"publish","type":"post","link":"https:\/\/corrientesdetarde.com\/index.php\/actualidad\/cuatro-comparseros-terminaron-heridos-tras-caerse-de-una-carroza\/","title":{"rendered":"Cuatro comparseros terminaron heridos tras caerse de una carroza"},"content":{"rendered":"\n<p>El hecho ocurri\u00f3 este viernes en la inauguraci\u00f3n de los carnavales oficiales de la ciudad de Corrientes.\u00a0<\/p>\n\n\n\n<p>Un lamentable accidente se registr\u00f3 en la primera noche de carnaval en el Corsodromo &#8220;Nolo Alias&#8221;, en donde cuatro comparseros terminaron heridos cuando se cayeron de una carroza. Uno de ellos &nbsp;debi\u00f3 ser operado.<\/p>\n\n\n\n<p>Se trata de cuatro bailarines pertenecientes a la comparsa de Sapucay que se encontraban acomod\u00e1ndose en una de las carrozas de apertura cuando dos perdieron la estabilidad y cayeron sobre otros dos.<\/p>\n\n\n\n<p>Un testigo del hecho coment\u00f3 que &nbsp;&#8220;el carro de apertura se comenz\u00f3 a mover y la escalera del costado pega contra el balc\u00f3n ocasionando que el chico que estaba subiendo caiga sobre los dem\u00e1s&#8221;.<\/p>\n\n\n\n<p>Desde el hospital Escuela informaron que de los cuatro accidentados, tres se encuentran cl\u00ednicamente estables y con heridas menores por lo que ser\u00e1n dados de alta durante el transcurso del d\u00eda.&nbsp;<\/p>\n\n\n\n<p>En cuanto al cuarto comparsero,debi\u00f3 ser intervenido quir\u00fargicamentee ingresado al \u00e1rea de traumatolog\u00eda al presentar m\u00faltiples fracturas y fractura expuesta de tobillo, detallaron.<\/p>\n","protected":false},"excerpt":{"rendered":"<p>El hecho ocurri\u00f3 este viernes en la inauguraci\u00f3n de los carnavales oficiales de la ciudad de Corrientes.\u00a0 Un lamentable accidente se registr\u00f3 en la primera noche de carnaval en el&hellip; <\/p>\n","protected":false},"author":1,"featured_media":36066,"comment_status":"closed","ping_status":"open","sticky":false,"template":"","format":"standard","meta":{"footnotes":""},"categories":[23],"tags":[],"class_list":["post-36065","post","type-post","status-publish","format-standard","has-post-thumbnail","hentry","category-actualidad"],"_links":{"self":[{"href":"https:\/\/corrientesdetarde.com\/index.php\/wp-json\/wp\/v2\/posts\/36065","targetHints":{"allow":["GET"]}}],"collection":[{"href":"https:\/\/corrientesdetarde.com\/index.php\/wp-json\/wp\/v2\/posts"}],"about":[{"href":"https:\/\/corrientesdetarde.com\/index.php\/wp-json\/wp\/v2\/types\/post"}],"author":[{"embeddable":true,"href":"https:\/\/corrientesdetarde.com\/index.php\/wp-json\/wp\/v2\/users\/1"}],"replies":[{"embeddable":true,"href":"https:\/\/corrientesdetarde.com\/index.php\/wp-json\/wp\/v2\/comments?post=36065"}],"version-history":[{"count":1,"href":"https:\/\/corrientesdetarde.com\/index.php\/wp-json\/wp\/v2\/posts\/36065\/revisions"}],"predecessor-version":[{"id":36067,"href":"https:\/\/corrientesdetarde.com\/index.php\/wp-json\/wp\/v2\/posts\/36065\/revisions\/36067"}],"wp:featuredmedia":[{"embeddable":true,"href":"https:\/\/corrientesdetarde.com\/index.php\/wp-json\/wp\/v2\/media\/36066"}],"wp:attachment":[{"href":"https:\/\/corrientesdetarde.com\/index.php\/wp-json\/wp\/v2\/media?parent=36065"}],"wp:term":[{"taxonomy":"category","embeddable":true,"href":"https:\/\/corrientesdetarde.com\/index.php\/wp-json\/wp\/v2\/categories?post=36065"},{"taxonomy":"post_tag","embeddable":true,"href":"https:\/\/corrientesdetarde.com\/index.php\/wp-json\/wp\/v2\/tags?post=36065"}],"curies":[{"name":"wp","href":"https:\/\/api.w.org\/{rel}","templated":true}]}}