{"id":36074,"date":"2023-01-29T08:24:48","date_gmt":"2023-01-29T11:24:48","guid":{"rendered":"https:\/\/corrientesdetarde.com\/?p=36074"},"modified":"2023-01-29T08:24:51","modified_gmt":"2023-01-29T11:24:51","slug":"desde-defensa-civil-advierten-que-febrero-sera-un-mes-duro-para-corrientes","status":"publish","type":"post","link":"https:\/\/corrientesdetarde.com\/index.php\/locales\/desde-defensa-civil-advierten-que-febrero-sera-un-mes-duro-para-corrientes\/","title":{"rendered":"Desde Defensa Civil advierten que febrero &#8220;ser\u00e1 un mes duro&#8221; para Corrientes"},"content":{"rendered":"\n<p>A pesar de que no se regisran focos de incendio activos, la sequ\u00eda contin\u00faa y el calor no cesa. Estiman que la situaci\u00f3n se extender\u00e1 hasta marzo.\u00a0<\/p>\n\n\n\n<p>Bruno Lovinson, subdirector de Defensa Civil explic\u00f3 que existe &#8220;una ola de calor que est\u00e1 impactando sobre nuestra regi\u00f3n, lo que agravar\u00eda la situaci\u00f3n de los posibles incendios y de la sequ\u00eda&#8221;.<\/p>\n\n\n\n<p>&#8220;Es la tercera corriente de la Ni\u00f1a que es de sequ\u00eda, pero queremos creer que ya es el final de esta etapa para adentrarnos en el oto\u00f1o&#8221; y esperar que la situaci\u00f3n paulatinamente se revierta.<\/p>\n\n\n\n<p>A pesar de la actual ola de calor, Lovinson destac\u00f3 que &#8220;Corrientes est\u00e1 en situaci\u00f3n controlada&#8221; en cuanto a los incendios ya que, el viernes por la ma\u00f1ana, la provincia no registraba focos activos.<\/p>\n\n\n\n<p>M\u00e1s all\u00e1 de ello, &#8220;Febrero ser\u00e1 un mes duro con bajo d\u00e9ficit de lluvia y tenemos que esperar a ver c\u00f3mo se va a desarrollar esto hacia marzo o abril&#8221;.<\/p>\n","protected":false},"excerpt":{"rendered":"<p>A pesar de que no se regisran focos de incendio activos, la sequ\u00eda contin\u00faa y el calor no cesa. Estiman que la situaci\u00f3n se extender\u00e1 hasta marzo.\u00a0 Bruno Lovinson, subdirector&hellip; <\/p>\n","protected":false},"author":4,"featured_media":36078,"comment_status":"closed","ping_status":"open","sticky":false,"template":"","format":"standard","meta":{"footnotes":""},"categories":[8],"tags":[],"class_list":["post-36074","post","type-post","status-publish","format-standard","has-post-thumbnail","hentry","category-locales"],"_links":{"self":[{"href":"https:\/\/corrientesdetarde.com\/index.php\/wp-json\/wp\/v2\/posts\/36074","targetHints":{"allow":["GET"]}}],"collection":[{"href":"https:\/\/corrientesdetarde.com\/index.php\/wp-json\/wp\/v2\/posts"}],"about":[{"href":"https:\/\/corrientesdetarde.com\/index.php\/wp-json\/wp\/v2\/types\/post"}],"author":[{"embeddable":true,"href":"https:\/\/corrientesdetarde.com\/index.php\/wp-json\/wp\/v2\/users\/4"}],"replies":[{"embeddable":true,"href":"https:\/\/corrientesdetarde.com\/index.php\/wp-json\/wp\/v2\/comments?post=36074"}],"version-history":[{"count":1,"href":"https:\/\/corrientesdetarde.com\/index.php\/wp-json\/wp\/v2\/posts\/36074\/revisions"}],"predecessor-version":[{"id":36079,"href":"https:\/\/corrientesdetarde.com\/index.php\/wp-json\/wp\/v2\/posts\/36074\/revisions\/36079"}],"wp:featuredmedia":[{"embeddable":true,"href":"https:\/\/corrientesdetarde.com\/index.php\/wp-json\/wp\/v2\/media\/36078"}],"wp:attachment":[{"href":"https:\/\/corrientesdetarde.com\/index.php\/wp-json\/wp\/v2\/media?parent=36074"}],"wp:term":[{"taxonomy":"category","embeddable":true,"href":"https:\/\/corrientesdetarde.com\/index.php\/wp-json\/wp\/v2\/categories?post=36074"},{"taxonomy":"post_tag","embeddable":true,"href":"https:\/\/corrientesdetarde.com\/index.php\/wp-json\/wp\/v2\/tags?post=36074"}],"curies":[{"name":"wp","href":"https:\/\/api.w.org\/{rel}","templated":true}]}}