{"id":36075,"date":"2023-01-29T08:09:01","date_gmt":"2023-01-29T11:09:01","guid":{"rendered":"https:\/\/corrientesdetarde.com\/?p=36075"},"modified":"2023-01-29T08:09:04","modified_gmt":"2023-01-29T11:09:04","slug":"corrientes-violentaron-el-porton-de-la-casa-de-una-intendente","status":"publish","type":"post","link":"https:\/\/corrientesdetarde.com\/index.php\/crimen-y-justicia\/corrientes-violentaron-el-porton-de-la-casa-de-una-intendente\/","title":{"rendered":"Corrientes: violentaron el port\u00f3n de la casa de una intendente"},"content":{"rendered":"\n<p>Noelia Bassi, intendente de Bella Vista habl\u00f3 sobre el lamentable episodio que vivi\u00f3 durante la madrugada del viernes.<\/p>\n\n\n\n<p>Noelia Bassi, intendente de Bella Vista confirm\u00f3 que un grupo de personas forz\u00f3 la entrada de su casa y el caso est\u00e1 siendo investigado por la Polic\u00eda.<\/p>\n\n\n\n<p>&#8220;Cerca de las 3.15 de la ma\u00f1ana, escuchamos un golpe muy fuerte en mi domicilio, miramos y no encontramos nada raro&#8221;, relat\u00f3.<\/p>\n\n\n\n<p>&#8220;Esta ma\u00f1ana temprano cuando mi esposo sal\u00eda a trabajar vio marcas en el port\u00f3n, pedimos las c\u00e1maras de seguridad a los vecinos y vimos que una camioneta se acerc\u00f3, bajaron dos personas y patearon el port\u00f3n, pero desconocemos si fue con intenciones de ingresar al domicilio&#8221;, dijo.<\/p>\n\n\n\n<p>El caso ya fue denunciado ante la Polic\u00eda y se solicitaron las c\u00e1maras de los otros vecinos de la zona para tratar de reconstruir la situaci\u00f3n y obtener m\u00e1s datos del veh\u00edculo.<\/p>\n\n\n\n<p>&#8220;Estamos todos sorprendidos y tratando de no sacar conclusiones, pero vamos a tomar las medidas que sean necesarias hasta que se pueda conocer m\u00e1s del hecho&#8221;, concluy\u00f3.<\/p>\n","protected":false},"excerpt":{"rendered":"<p>Noelia Bassi, intendente de Bella Vista habl\u00f3 sobre el lamentable episodio que vivi\u00f3 durante la madrugada del viernes. Noelia Bassi, intendente de Bella Vista confirm\u00f3 que un grupo de personas&hellip; <\/p>\n","protected":false},"author":4,"featured_media":36076,"comment_status":"closed","ping_status":"open","sticky":false,"template":"","format":"standard","meta":{"footnotes":""},"categories":[5],"tags":[],"class_list":["post-36075","post","type-post","status-publish","format-standard","has-post-thumbnail","hentry","category-crimen-y-justicia"],"_links":{"self":[{"href":"https:\/\/corrientesdetarde.com\/index.php\/wp-json\/wp\/v2\/posts\/36075","targetHints":{"allow":["GET"]}}],"collection":[{"href":"https:\/\/corrientesdetarde.com\/index.php\/wp-json\/wp\/v2\/posts"}],"about":[{"href":"https:\/\/corrientesdetarde.com\/index.php\/wp-json\/wp\/v2\/types\/post"}],"author":[{"embeddable":true,"href":"https:\/\/corrientesdetarde.com\/index.php\/wp-json\/wp\/v2\/users\/4"}],"replies":[{"embeddable":true,"href":"https:\/\/corrientesdetarde.com\/index.php\/wp-json\/wp\/v2\/comments?post=36075"}],"version-history":[{"count":1,"href":"https:\/\/corrientesdetarde.com\/index.php\/wp-json\/wp\/v2\/posts\/36075\/revisions"}],"predecessor-version":[{"id":36077,"href":"https:\/\/corrientesdetarde.com\/index.php\/wp-json\/wp\/v2\/posts\/36075\/revisions\/36077"}],"wp:featuredmedia":[{"embeddable":true,"href":"https:\/\/corrientesdetarde.com\/index.php\/wp-json\/wp\/v2\/media\/36076"}],"wp:attachment":[{"href":"https:\/\/corrientesdetarde.com\/index.php\/wp-json\/wp\/v2\/media?parent=36075"}],"wp:term":[{"taxonomy":"category","embeddable":true,"href":"https:\/\/corrientesdetarde.com\/index.php\/wp-json\/wp\/v2\/categories?post=36075"},{"taxonomy":"post_tag","embeddable":true,"href":"https:\/\/corrientesdetarde.com\/index.php\/wp-json\/wp\/v2\/tags?post=36075"}],"curies":[{"name":"wp","href":"https:\/\/api.w.org\/{rel}","templated":true}]}}