{"id":36116,"date":"2023-01-29T10:58:27","date_gmt":"2023-01-29T13:58:27","guid":{"rendered":"https:\/\/corrientesdetarde.com\/?p=36116"},"modified":"2023-01-29T10:58:32","modified_gmt":"2023-01-29T13:58:32","slug":"mauro-icardi-estallo-al-ver-publicados-sus-chats-con-una-modelo","status":"publish","type":"post","link":"https:\/\/corrientesdetarde.com\/index.php\/espectaculos\/mauro-icardi-estallo-al-ver-publicados-sus-chats-con-una-modelo\/","title":{"rendered":"Mauro Icardi estall\u00f3 al ver publicados sus chats con una modelo"},"content":{"rendered":"\n<p>Una joven llamada Roc\u00edo Galera dio a conocer sus conversaciones con el ex de Wanda Nara y \u00e9ste hizo un repudiable comentario que luego borr\u00f3.<\/p>\n\n\n\n<p>En las \u00faltimas horas,\u00a0<strong>una cordobesa llamada\u00a0Roc\u00edo Galera\u00a0dio a conocer los mensajes privados que\u00a0Mauro Icardi\u00a0le habr\u00eda enviado por\u00a0Instagram.<\/strong>\u00a0Comentando una de las historias de la joven, que trabaja como psicopedagoga y modelo, el ex de\u00a0Wanda Nara\u00a0puso dos emojies: un le\u00f3n y una carita con ojos de corazones. \u201c<strong>\u00bfSos vos? \u00bfO te manejan las cuentas?<\/strong>\u201d, le pregunt\u00f3 asombrada entonces la muchacha. \u201c<strong>Soy yo, a m\u00ed nadie me maneja nada<\/strong>\u201d, puso entonces el jugador del Galatasaray de Turqu\u00eda.<\/p>\n\n\n\n<p>La charla continu\u00f3, ya que la joven le escribi\u00f3: \u201cMe encantar\u00eda conocerte. \u00bfA d\u00f3nde est\u00e1s?\u201d. Y el futbolista le respondi\u00f3 con un pedido especial: \u201c<strong>Estoy en Estambul y me interesas. Estoy complicado, lo \u00fanico te pido privacidad<\/strong>\u201d. Sin embargo, la cordobesa no dud\u00f3 en publicar la conversaci\u00f3n que enseguida lleg\u00f3 a los medios. Y, frente a los comentarios de sus seguidores preguntando qu\u00e9 pas\u00f3 con la \u201cprivacidad\u201d, redobl\u00f3 la apuesta diciendo: \u201c<strong>Me est\u00e1n llegando muchos mensajes as\u00ed. La verdad que no me interesa su privacidad porque su vida es p\u00fablica<\/strong>\u201d.<\/p>\n\n\n\n<p>Por su parte, Icardi se hizo eco de estas publicaciones y asegur\u00f3 que se trataba de un \u201cfake\u201d. \u201c<strong>\u00a1Lo aclaro para que no queden dudas! \u00bfCon esta tambi\u00e9n me caso en un rito espiritual? Avisen cualquier cosa. \u00a1Todo falso! Considero que estoy para un poquito m\u00e1s que esto. Hoy en d\u00eda cualquiera se hace famoso?<\/strong>\u201d, escribi\u00f3 en una historia que minutos m\u00e1s tarde decidi\u00f3 borrar.<\/p>\n\n\n\n<figure class=\"wp-block-image\"><a href=\"https:\/\/www.radiosudamericana.com\/notix\/multimedia\/imagenes\/fotos\/2023-01-28\/216766.jpg\"><img decoding=\"async\" src=\"https:\/\/www.radiosudamericana.com\/notix\/multimedia\/imagenes\/fotos\/2023-01-28\/216766.jpg_nota.jpg\" alt=\"\"\/><\/a><\/figure>\n\n\n\n<p>Por su parte,&nbsp;<strong>la modelo tambi\u00e9n cerr\u00f3 su cuenta de Instagram y la puso en modo \u201cprivada\u201d luego del aluvi\u00f3n de mensajes que recibi\u00f3 por haber expuesto esta situaci\u00f3n.<\/strong><\/p>\n\n\n\n<figure class=\"wp-block-image\"><a href=\"https:\/\/www.radiosudamericana.com\/notix\/multimedia\/imagenes\/fotos\/2023-01-28\/888455.jpg\"><img decoding=\"async\" src=\"https:\/\/www.radiosudamericana.com\/notix\/multimedia\/imagenes\/fotos\/2023-01-28\/888455.jpg_nota.jpg\" alt=\"\"\/><\/a><\/figure>\n\n\n\n<p>Todo comenz\u00f3 el mi\u00e9rcoles de esta semana, cuando el periodista espa\u00f1ol Jordi Mart\u00edn, en di\u00e1logo con&nbsp;Intrusos&nbsp;(Am\u00e9rica) asegur\u00f3 que&nbsp;Wanda Nara&nbsp;le hab\u00eda sido infiel a&nbsp;Mauro Icardi&nbsp;con&nbsp;Keita Bald\u00e9 Diao, quienes hab\u00edan sido compa\u00f1eros en el Inter de Mil\u00e1n.<\/p>\n\n\n\n<figure class=\"wp-block-image\"><a href=\"https:\/\/www.radiosudamericana.com\/notix\/multimedia\/imagenes\/fotos\/2023-01-28\/556482.jpg\"><img decoding=\"async\" src=\"https:\/\/www.radiosudamericana.com\/notix\/multimedia\/imagenes\/fotos\/2023-01-28\/556482.jpg_nota.jpg\" alt=\"\"\/><\/a><\/figure>\n\n\n\n<p>Luego del esc\u00e1ndalo medi\u00e1tico que provoc\u00f3 esta noticia, Martin volvi\u00f3 a comunicarse con&nbsp;Florencia de la V&nbsp;y la mesa que conduce para aportar nuevos datos de este romance escandaloso. \u201c<strong>Habl\u00e9 anoche con Wanda Nara una hora al tel\u00e9fono. Y hoy otra hora<\/strong>\u201d, cont\u00f3 Jordi a la vez en que revel\u00f3&nbsp;que la hermana de Zaira le confirm\u00f3 su relaci\u00f3n con Keita.<\/p>\n\n\n\n<p>Luego de asegurar que la informaci\u00f3n que dio en un comienzo proven\u00eda del lado de&nbsp;Simona Guatieri,&nbsp;la expareja del futbolista, el espa\u00f1ol asegur\u00f3: \u201c<strong>Te voy a dar un titular: Wanda Nara y Keita son novios<\/strong>\u201d. \u201c<strong>\u00bfQu\u00e9? No. \u00bfY as\u00ed lo dec\u00eds? No, por favor, poneme la pava ac\u00e1. Se me termina el programa y no s\u00e9 c\u00f3mo seguir y esperar hasta el lunes. No lo puedo creer. Estoy tan sorpresa como todos ustedes<\/strong>\u201d, dijo la conductora, muy sorprendida por la revelaci\u00f3n.<\/p>\n\n\n\n<figure class=\"wp-block-image\"><a href=\"https:\/\/www.radiosudamericana.com\/notix\/multimedia\/imagenes\/fotos\/2023-01-28\/491531.jpg\"><img decoding=\"async\" src=\"https:\/\/www.radiosudamericana.com\/notix\/multimedia\/imagenes\/fotos\/2023-01-28\/491531.jpg_nota.jpg\" alt=\"\"\/><\/a><\/figure>\n\n\n\n<p>Acerca de la charla que tuvo con la medi\u00e1tica, el periodista espa\u00f1ol dijo: \u201cMe dice Wanda que Keita le dice que \u00e9l ya no est\u00e1 con Simona\u201d. \u201c<strong>\u00a1Pero si se casaron hace ocho meses! Hasta hace dos d\u00edas subieron fotos juntos. \u00bfEn qu\u00e9 momento se separaron?<\/strong>\u201d, le pregunt\u00f3 Nancy Dur\u00e9, panelista del ciclo.<\/p>\n\n\n\n<p>\u201cEsto es lo que le traslada y le cuenta Wanda a Keita. Pero \u00e9l le dice que no est\u00e1 con Simona y Wanda no est\u00e1 con Mauro. Entonces se fue a Dubai y ya. Icardi se enter\u00f3 de esta infidelidad mirando&nbsp;Intrusos\u201d, dijo.<\/p>\n\n\n\n<p>Acerca de c\u00f3mo se contact\u00f3 con Nara, dijo: \u201c<strong>Yo le escrib\u00ed un mensaje por Instagram y me dice llamame por tel\u00e9fono. Estuvimos una hora hablando. Me explic\u00f3 muchas cosas. Ojo con Simona. Ella viene de un entorno en Italia fuerte con mujeres que han estado en fiestas privadas con&nbsp;Cristiano Ronaldo&nbsp;y muchos futbolistas<\/strong>\u201d.<\/p>\n\n\n\n<p>\u201c<strong>Me dice que est\u00e1 tranquila y que est\u00e1 viviendo esto con pasi\u00f3n e ilusionada. Que no quer\u00eda que esto se destapase ni ella ni Keita. Quer\u00edan mantener esto un poquito en la sombra. Icardi s\u00ed sab\u00eda esto y \u00e9l est\u00e1 desesperado para que vuelva. Me dice: \u2018Jordi, lo que pasar\u00e1 en el futuro, no lo se. Hoy por hoy no quiero volver con Mauro<\/strong>\u2019\u201d, replic\u00f3 lo que le habr\u00eda dicho Wanda.<\/p>\n\n\n\n<p>Para cerrar, Jordi cont\u00f3 como habr\u00eda comenzado el acercamiento entre el senegal\u00e9s y la argentina: \u201cSiendo compa\u00f1ero de Icardi le manda mensajitos haci\u00e9ndole bromas y la invita a la mujer de su compa\u00f1ero a verla. Yo creo que ah\u00ed estuvo mal, estando casada\u201d.<\/p>\n","protected":false},"excerpt":{"rendered":"<p>Una joven llamada Roc\u00edo Galera dio a conocer sus conversaciones con el ex de Wanda Nara y \u00e9ste hizo un repudiable comentario que luego borr\u00f3. En las \u00faltimas horas,\u00a0una cordobesa&hellip; <\/p>\n","protected":false},"author":4,"featured_media":36117,"comment_status":"closed","ping_status":"open","sticky":false,"template":"","format":"standard","meta":{"footnotes":""},"categories":[19],"tags":[],"class_list":["post-36116","post","type-post","status-publish","format-standard","has-post-thumbnail","hentry","category-espectaculos"],"_links":{"self":[{"href":"https:\/\/corrientesdetarde.com\/index.php\/wp-json\/wp\/v2\/posts\/36116","targetHints":{"allow":["GET"]}}],"collection":[{"href":"https:\/\/corrientesdetarde.com\/index.php\/wp-json\/wp\/v2\/posts"}],"about":[{"href":"https:\/\/corrientesdetarde.com\/index.php\/wp-json\/wp\/v2\/types\/post"}],"author":[{"embeddable":true,"href":"https:\/\/corrientesdetarde.com\/index.php\/wp-json\/wp\/v2\/users\/4"}],"replies":[{"embeddable":true,"href":"https:\/\/corrientesdetarde.com\/index.php\/wp-json\/wp\/v2\/comments?post=36116"}],"version-history":[{"count":1,"href":"https:\/\/corrientesdetarde.com\/index.php\/wp-json\/wp\/v2\/posts\/36116\/revisions"}],"predecessor-version":[{"id":36118,"href":"https:\/\/corrientesdetarde.com\/index.php\/wp-json\/wp\/v2\/posts\/36116\/revisions\/36118"}],"wp:featuredmedia":[{"embeddable":true,"href":"https:\/\/corrientesdetarde.com\/index.php\/wp-json\/wp\/v2\/media\/36117"}],"wp:attachment":[{"href":"https:\/\/corrientesdetarde.com\/index.php\/wp-json\/wp\/v2\/media?parent=36116"}],"wp:term":[{"taxonomy":"category","embeddable":true,"href":"https:\/\/corrientesdetarde.com\/index.php\/wp-json\/wp\/v2\/categories?post=36116"},{"taxonomy":"post_tag","embeddable":true,"href":"https:\/\/corrientesdetarde.com\/index.php\/wp-json\/wp\/v2\/tags?post=36116"}],"curies":[{"name":"wp","href":"https:\/\/api.w.org\/{rel}","templated":true}]}}