{"id":36119,"date":"2023-01-29T11:09:33","date_gmt":"2023-01-29T14:09:33","guid":{"rendered":"https:\/\/corrientesdetarde.com\/?p=36119"},"modified":"2023-01-29T11:09:34","modified_gmt":"2023-01-29T14:09:34","slug":"encuentran-a-wanda-nara-en-una-libreria-y-la-escracharon-por-no-ser-igual-que-en-instagram","status":"publish","type":"post","link":"https:\/\/corrientesdetarde.com\/index.php\/espectaculos\/encuentran-a-wanda-nara-en-una-libreria-y-la-escracharon-por-no-ser-igual-que-en-instagram\/","title":{"rendered":"Encuentran a Wanda Nara en una librer\u00eda y la escracharon por no ser igual que en Instagram"},"content":{"rendered":"\n<p>La medi\u00e1tica sali\u00f3 a dar su explicaci\u00f3n luego de recibir varios comentarios hirientes. No es la primera vez que la sorprenden sin maquillaje y con ropa de entrecasa.<\/p>\n\n\n\n<p>Despu\u00e9s de su viaje expr\u00e9s por Dubai,\u00a0<strong>Wanda Nara\u00a0regres\u00f3 a la Argentina y se reencontr\u00f3 con sus hijos, que afortunadamente estudian a distancia y se conectan desde la casa<\/strong>. En medio de las tareas surgi\u00f3 una emergencia y\u00a0<strong>se traslad\u00f3 a una librer\u00eda de Nordelta, donde otro cliente la retrat\u00f3 vestida de entrecasa y public\u00f3 las fotos en las redes sociales<\/strong>. Las cr\u00edticas por su look \u201canti glamour\u201d no tardaron en aparecer.<\/p>\n\n\n\n<p>A la medi\u00e1tica&nbsp;<strong>le dijeron que era una&nbsp;crota&nbsp;y que hab\u00eda descuidado su imagen<\/strong>. Tambi\u00e9n&nbsp;<strong>la cuestionaron por&nbsp;su supuesto romance con Keita Bald\u00e9, el futbolista senegal\u00e9s que a\u00f1os atr\u00e1s comparti\u00f3 club con Mauro Icardi.<\/strong>&nbsp;<\/p>\n\n\n\n<p>Ante la gran cantidad de mensajes malintencionados, la medi\u00e1tica rompi\u00f3 el silencio y explic\u00f3 por qu\u00e9 se la vio tan diferente a como se muestra en su cuenta de Instagram, donde tiene m\u00e1s de 15 millones de seguidores.<\/p>\n\n\n\n<figure class=\"wp-block-image\"><a href=\"https:\/\/www.radiosudamericana.com\/notix\/multimedia\/imagenes\/fotos\/2023-01-28\/835665.jpg\"><img decoding=\"async\" src=\"https:\/\/www.radiosudamericana.com\/notix\/multimedia\/imagenes\/fotos\/2023-01-28\/835665.jpg_nota.jpg\" alt=\"\"\/><\/a><\/figure>\n\n\n\n<p>\u201c<strong><em>Voy al supermercado, a la farmacia,&nbsp;soy una mam\u00e1 normal, como todas. Me da risa porque \u00bfqui\u00e9n va a ir a comprar por m\u00ed? Obvio que ah\u00ed no me van a ver como en Instagram, porque Instagram es mi trabajo.&nbsp;Mi vida real es con alpargatas y jogging.&nbsp;Si me pongo a pensar me trajo mucho m\u00e1s \u00e9xito ese look que producida. En muchas de mis citas con chicos fui al natural, porque garpa mucho.&nbsp;Mi consejo para tener \u00e9xito es ser normal<\/em><\/strong>\u201d, asegur\u00f3.<\/p>\n","protected":false},"excerpt":{"rendered":"<p>La medi\u00e1tica sali\u00f3 a dar su explicaci\u00f3n luego de recibir varios comentarios hirientes. No es la primera vez que la sorprenden sin maquillaje y con ropa de entrecasa. Despu\u00e9s de&hellip; <\/p>\n","protected":false},"author":4,"featured_media":36120,"comment_status":"closed","ping_status":"open","sticky":false,"template":"","format":"standard","meta":{"footnotes":""},"categories":[19],"tags":[],"class_list":["post-36119","post","type-post","status-publish","format-standard","has-post-thumbnail","hentry","category-espectaculos"],"_links":{"self":[{"href":"https:\/\/corrientesdetarde.com\/index.php\/wp-json\/wp\/v2\/posts\/36119","targetHints":{"allow":["GET"]}}],"collection":[{"href":"https:\/\/corrientesdetarde.com\/index.php\/wp-json\/wp\/v2\/posts"}],"about":[{"href":"https:\/\/corrientesdetarde.com\/index.php\/wp-json\/wp\/v2\/types\/post"}],"author":[{"embeddable":true,"href":"https:\/\/corrientesdetarde.com\/index.php\/wp-json\/wp\/v2\/users\/4"}],"replies":[{"embeddable":true,"href":"https:\/\/corrientesdetarde.com\/index.php\/wp-json\/wp\/v2\/comments?post=36119"}],"version-history":[{"count":1,"href":"https:\/\/corrientesdetarde.com\/index.php\/wp-json\/wp\/v2\/posts\/36119\/revisions"}],"predecessor-version":[{"id":36121,"href":"https:\/\/corrientesdetarde.com\/index.php\/wp-json\/wp\/v2\/posts\/36119\/revisions\/36121"}],"wp:featuredmedia":[{"embeddable":true,"href":"https:\/\/corrientesdetarde.com\/index.php\/wp-json\/wp\/v2\/media\/36120"}],"wp:attachment":[{"href":"https:\/\/corrientesdetarde.com\/index.php\/wp-json\/wp\/v2\/media?parent=36119"}],"wp:term":[{"taxonomy":"category","embeddable":true,"href":"https:\/\/corrientesdetarde.com\/index.php\/wp-json\/wp\/v2\/categories?post=36119"},{"taxonomy":"post_tag","embeddable":true,"href":"https:\/\/corrientesdetarde.com\/index.php\/wp-json\/wp\/v2\/tags?post=36119"}],"curies":[{"name":"wp","href":"https:\/\/api.w.org\/{rel}","templated":true}]}}