{"id":36122,"date":"2023-01-29T11:18:29","date_gmt":"2023-01-29T14:18:29","guid":{"rendered":"https:\/\/corrientesdetarde.com\/?p=36122"},"modified":"2023-01-29T12:15:19","modified_gmt":"2023-01-29T15:15:19","slug":"los-remises-interprovinciales-subiran-su-tarifa-un-33-por-ciento","status":"publish","type":"post","link":"https:\/\/corrientesdetarde.com\/index.php\/locales\/los-remises-interprovinciales-subiran-su-tarifa-un-33-por-ciento\/","title":{"rendered":"Los remises interprovinciales subir\u00e1n su tarifa un 33 por ciento"},"content":{"rendered":"\n<p>Tomar un coche para ir a Resistencia costar\u00e1 400 pesos desde el 1 de febrero. La variaci\u00f3n iba a ser s\u00f3lo de $50, pero los choferes se reunieron y decidieron que sea de $100, por las alzas que habr\u00e1 en las naftas en el segundo y tercer mes del a\u00f1o.<\/p>\n\n\n\n<p>La empresa que realiza el servicio de remises que une esta capital con Resistencia (Chaco), inform\u00f3 que la suba tarifaria que aplicar\u00e1 desde el 1 de febrero ser\u00e1 de 100 pesos, ya que el valor b\u00e1sico del traslado ir\u00e1 de 300 a 400 pesos. En tanto que si un pasajero quiere viajar solo, debe tener en cuenta que tendr\u00e1 que abonar 1.600 pesos.<\/p>\n\n\n\n<p>El titular de esa flota, Eduardo Torres, se\u00f1al\u00f3 a \u00e9poca: &#8220;Ten\u00edamos previsto que la suba sea de 50 pesos, pero lo hablamos con los choferes y en virtud de las subas programadas en el combustible para los meses de febrero y marzo, decidimos que sea de 100 pesos&#8221;.<\/p>\n\n\n\n<p>Tal como lo hab\u00eda mencionado en una reciente nota con este medio, el referente explic\u00f3 que esta actualizaci\u00f3n atiende al encarecimiento constante del costo de vida y tambi\u00e9n de los hidrocarburos.<\/p>\n\n\n\n<figure class=\"wp-block-image\"><img decoding=\"async\" src=\"https:\/\/www.diarioepoca.com\/content\/bucket\/2\/1277312w762h351c.jpg.webp\" alt=\"\"\/><\/figure>\n\n\n\n<p>En tanto, la \u00faltima suba aplicada en ese sector del transporte liviano se efectu\u00f3 en octubre del a\u00f1o pasado y en esa oportunidad vari\u00f3 de 250 a 300 pesos.<\/p>\n\n\n\n<p>Por \u00faltimo, Torres indic\u00f3 que &#8220;las siguientes subas en la nafta y el gasoil las vamos a absorber. Queremos evitar estar variando la tarifa en tan poco tiempo. Si bien corremos detr\u00e1s de la inflaci\u00f3n, queremos trabajar con previsibilidad, sobre todo pensando en nuestros clientes&#8221;.<\/p>\n\n\n\n<p>&#8220;Esperamos tener un buen a\u00f1o, de a poco el servicio va recuperando sus niveles de operatividad y queremos seguir en esa senda&#8221;, enfatiz\u00f3.<\/p>\n\n\n\n<h2 class=\"wp-block-heading\">Semblanza<\/h2>\n\n\n\n<p>El servicio interprovincial de remises cumple, en 2023, 25 a\u00f1os de actividad (se origin\u00f3 en 1998). Sus principales clientes o usuarios son los estudiantes universitarios y las personas que trabajan en alguna de las dos capitales, mientras que viven en la otra.<\/p>\n\n\n\n<p>Al respecto, Torres se\u00f1al\u00f3: &#8220;Estamos trabajando bien en el verano. Recuperamos el volumen de pasajeros que supimos tener antes de la pandemia. Cada coche hace unas siete vueltas completas por turno (56 pasajeros)&#8221;.<\/p>\n\n\n\n<p>A p\u00e1rrafo seguido, el empresario agreg\u00f3 que &#8220;las playas y los megaeventos como la Fiesta Nacional del Chamam\u00e9 y el carnaval generan mucho movimiento, lo que favorece a nuestra actividad&#8221;.<\/p>\n\n\n\n<p>Con esa tesitura, acot\u00f3 que &#8220;estamos trabajando todos los d\u00edas de 6 a 20, contamos con diez unidades y queremos sumar m\u00e1s coches. Tanto es as\u00ed que hay dos unidades que est\u00e1n aprestas a iniciar sus labores&#8221;.<\/p>\n\n\n\n<p>Es de mencionar que hasta antes del parate generado por el brote de COVID-19 (20 de marzo de 2020), el parque automotor del servicio de remises interprovinciales totalizaba 36 unidades, identificadas siempre con el color blanco y franjas verdes y rojas, divididos en dos flotas.<\/p>\n","protected":false},"excerpt":{"rendered":"<p>Tomar un coche para ir a Resistencia costar\u00e1 400 pesos desde el 1 de febrero. La variaci\u00f3n iba a ser s\u00f3lo de $50, pero los choferes se reunieron y decidieron&hellip; <\/p>\n","protected":false},"author":4,"featured_media":36123,"comment_status":"closed","ping_status":"open","sticky":false,"template":"","format":"standard","meta":{"footnotes":""},"categories":[8],"tags":[],"class_list":["post-36122","post","type-post","status-publish","format-standard","has-post-thumbnail","hentry","category-locales"],"_links":{"self":[{"href":"https:\/\/corrientesdetarde.com\/index.php\/wp-json\/wp\/v2\/posts\/36122","targetHints":{"allow":["GET"]}}],"collection":[{"href":"https:\/\/corrientesdetarde.com\/index.php\/wp-json\/wp\/v2\/posts"}],"about":[{"href":"https:\/\/corrientesdetarde.com\/index.php\/wp-json\/wp\/v2\/types\/post"}],"author":[{"embeddable":true,"href":"https:\/\/corrientesdetarde.com\/index.php\/wp-json\/wp\/v2\/users\/4"}],"replies":[{"embeddable":true,"href":"https:\/\/corrientesdetarde.com\/index.php\/wp-json\/wp\/v2\/comments?post=36122"}],"version-history":[{"count":1,"href":"https:\/\/corrientesdetarde.com\/index.php\/wp-json\/wp\/v2\/posts\/36122\/revisions"}],"predecessor-version":[{"id":36124,"href":"https:\/\/corrientesdetarde.com\/index.php\/wp-json\/wp\/v2\/posts\/36122\/revisions\/36124"}],"wp:featuredmedia":[{"embeddable":true,"href":"https:\/\/corrientesdetarde.com\/index.php\/wp-json\/wp\/v2\/media\/36123"}],"wp:attachment":[{"href":"https:\/\/corrientesdetarde.com\/index.php\/wp-json\/wp\/v2\/media?parent=36122"}],"wp:term":[{"taxonomy":"category","embeddable":true,"href":"https:\/\/corrientesdetarde.com\/index.php\/wp-json\/wp\/v2\/categories?post=36122"},{"taxonomy":"post_tag","embeddable":true,"href":"https:\/\/corrientesdetarde.com\/index.php\/wp-json\/wp\/v2\/tags?post=36122"}],"curies":[{"name":"wp","href":"https:\/\/api.w.org\/{rel}","templated":true}]}}