{"id":36125,"date":"2023-01-29T11:26:58","date_gmt":"2023-01-29T14:26:58","guid":{"rendered":"https:\/\/corrientesdetarde.com\/?p=36125"},"modified":"2023-01-29T11:27:00","modified_gmt":"2023-01-29T14:27:00","slug":"hijo-de-un-intendente-choco-y-mato-a-un-joven-de-16-anos","status":"publish","type":"post","link":"https:\/\/corrientesdetarde.com\/index.php\/nacionales\/hijo-de-un-intendente-choco-y-mato-a-un-joven-de-16-anos\/","title":{"rendered":"Hijo de un intendente choc\u00f3 y mat\u00f3 a un joven de 16 a\u00f1os"},"content":{"rendered":"\n<p>Ocurri\u00f3 en el municipio misionero de Arroyo del Medio, del cual el padre del acusado es el jefe Comunal. El conductor fue detenido y tras ser examinado arroj\u00f3 que ten\u00eda 0,72 gramos de alcohol en sangre.<\/p>\n\n\n\n<p>Un joven de 16 a\u00f1os falleci\u00f3 y sus padres permanecen internados en grave estado como consecuencia de un choque frontal ocurrido en la localidad misionera de Arroyo del Medio que fue protagonizado por un automovilista alcoholizado. Por el hecho qued\u00f3 detenido Maximiliano Da Silva, de 24 a\u00f1os, que es hijo del intendente de ese lugar.<\/p>\n\n\n\n<p>El siniestro ocurri\u00f3 el jueves a las 0.50 en la localidad de Cerro Azul, sobre la ruta nacional 14, a la altura de la intersecci\u00f3n con el acceso a Arroyo del Medio. Da Silva, que conduc\u00eda un Volkswagen Gol Trend, se cruz\u00f3 de carril e impact\u00f3 con un Toyota Corolla, que circulaba en sentido contrario, en el que viajaban Miguel Sequeira (53) junto a su esposa, Isabel Glazik (38), y el hijo de ambos, Emiliano.<\/p>\n\n\n\n<p>Su padre, en tanto, result\u00f3 con traumatismo de t\u00f3rax, abdomen y cr\u00e1neo; mientras que su esposa presenta fractura en la clav\u00edcula derecha, traumatismo de cr\u00e1neo y rodilla.<\/p>\n\n\n\n<p>El conductor del Corolla, en cambio, s\u00f3lo tuvo un golpe en la cadera izquierda y escoriaciones en ambas rodillas, lesiones que en un primer momento no demandaron su internaci\u00f3n. Sin embargo, Da Silva adujo sentirse mal y tambi\u00e9n fue alojado en un hospital, con custodia policial.<\/p>\n\n\n\n<p>&nbsp;<br>Tras hacerle el test de alcoholemia al joven &#8211; que se desempe\u00f1a como agente penitenciario de la Unidad Penal VIII de Cerro Azul y es hijo del intendente de Arroyo del Medio, Benito Da Silva- el resultado arroj\u00f3 que ten\u00eda 0,72 gramos de alcohol en sangre.<\/p>\n\n\n\n<p><br>El 19 de junio de 2016 otro accidente fatal tuvo como protagonista al intendente de Arroyo del Medio. Se trat\u00f3 de Crist\u00f3bal Barboza, que en ese entonces ten\u00eda 54 a\u00f1os y hab\u00eda sido detenido por atropellar y matar al remisero Alberto Anderson (58) mientras manejaba una camioneta del municipio con 2,14 grados de alcohol en sangre. Es decir, cuatro veces m\u00e1s de lo permitido por la Ley Nacional de Tr\u00e1nsito, que es 0,5.<\/p>\n\n\n\n<p>El alcalde, que choc\u00f3 de frente contra el Ford Fiesta que manejaba el remisero tambi\u00e9n a la altura de la localidad de Cerro Azul, solo result\u00f3 con heridas leves y la camioneta que conduc\u00eda qued\u00f3 volcada sobre el asfalto.<\/p>\n\n\n\n<p>Luego de la investigaci\u00f3n realizada, la justicia consider\u00f3 que fue un homicidio en accidente de tr\u00e1nsito y el intendente fue liberado.<\/p>\n\n\n\n<p>&nbsp;<br>Aunque desde el gobierno provincial le hab\u00edan pedido al funcionario que dejara su cargo &#8220;voluntariamente&#8221; para &#8220;dar el ejemplo&#8221;, los concejales oficialistas decidieron restituirlo por tres votos a favor y dos en contra y volvi\u00f3 a asumir su cargo dos meses despu\u00e9s del hecho en medio de un repudio generalizado de la poblaci\u00f3n.<\/p>\n\n\n\n<p>Por el homicidio, el intendente estuvo preso poco m\u00e1s de un mes, hasta que logr\u00f3 cubrir la cauci\u00f3n que le fij\u00f3 la jueza de Instrucci\u00f3n 5, Selva Raquel Zuetta, de la localidad de Leandro N. Alem. Apenas retorn\u00f3 a su pueblo, Barboza presion\u00f3 a los concejales del oficialismo y as\u00ed logr\u00f3 que rechazaron el pedido de destituci\u00f3n que hab\u00eda impulsado la oposici\u00f3n.<\/p>\n\n\n\n<p>Para frenar el creciente esc\u00e1ndalo pol\u00edtico, la Legislatura finalmente decidi\u00f3 intervenir el municipio y Barboza tuvo que abandonar su cargo.<\/p>\n\n\n\n<p>Los familiares de Andersson iniciaron una millonaria demanda contra la Municipalidad de Arroyo del Medio y la compa\u00f1\u00eda aseguradora, la cual se har\u00eda cargo del resarcimiento extrajudicial.<\/p>\n","protected":false},"excerpt":{"rendered":"<p>Ocurri\u00f3 en el municipio misionero de Arroyo del Medio, del cual el padre del acusado es el jefe Comunal. El conductor fue detenido y tras ser examinado arroj\u00f3 que ten\u00eda&hellip; <\/p>\n","protected":false},"author":4,"featured_media":36126,"comment_status":"closed","ping_status":"open","sticky":false,"template":"","format":"standard","meta":{"footnotes":""},"categories":[10],"tags":[],"class_list":["post-36125","post","type-post","status-publish","format-standard","has-post-thumbnail","hentry","category-nacionales"],"_links":{"self":[{"href":"https:\/\/corrientesdetarde.com\/index.php\/wp-json\/wp\/v2\/posts\/36125","targetHints":{"allow":["GET"]}}],"collection":[{"href":"https:\/\/corrientesdetarde.com\/index.php\/wp-json\/wp\/v2\/posts"}],"about":[{"href":"https:\/\/corrientesdetarde.com\/index.php\/wp-json\/wp\/v2\/types\/post"}],"author":[{"embeddable":true,"href":"https:\/\/corrientesdetarde.com\/index.php\/wp-json\/wp\/v2\/users\/4"}],"replies":[{"embeddable":true,"href":"https:\/\/corrientesdetarde.com\/index.php\/wp-json\/wp\/v2\/comments?post=36125"}],"version-history":[{"count":1,"href":"https:\/\/corrientesdetarde.com\/index.php\/wp-json\/wp\/v2\/posts\/36125\/revisions"}],"predecessor-version":[{"id":36127,"href":"https:\/\/corrientesdetarde.com\/index.php\/wp-json\/wp\/v2\/posts\/36125\/revisions\/36127"}],"wp:featuredmedia":[{"embeddable":true,"href":"https:\/\/corrientesdetarde.com\/index.php\/wp-json\/wp\/v2\/media\/36126"}],"wp:attachment":[{"href":"https:\/\/corrientesdetarde.com\/index.php\/wp-json\/wp\/v2\/media?parent=36125"}],"wp:term":[{"taxonomy":"category","embeddable":true,"href":"https:\/\/corrientesdetarde.com\/index.php\/wp-json\/wp\/v2\/categories?post=36125"},{"taxonomy":"post_tag","embeddable":true,"href":"https:\/\/corrientesdetarde.com\/index.php\/wp-json\/wp\/v2\/tags?post=36125"}],"curies":[{"name":"wp","href":"https:\/\/api.w.org\/{rel}","templated":true}]}}