{"id":36131,"date":"2023-01-29T11:32:33","date_gmt":"2023-01-29T14:32:33","guid":{"rendered":"https:\/\/corrientesdetarde.com\/?p=36131"},"modified":"2023-01-29T11:32:36","modified_gmt":"2023-01-29T14:32:36","slug":"claudio-anselmo-la-sequia-pega-mas-fuerte-a-la-produccion-que-el-fuego","status":"publish","type":"post","link":"https:\/\/corrientesdetarde.com\/index.php\/politica\/claudio-anselmo-la-sequia-pega-mas-fuerte-a-la-produccion-que-el-fuego\/","title":{"rendered":"Claudio Anselmo: &#8220;La sequ\u00eda pega m\u00e1s fuerte a la producci\u00f3n que el fuego&#8221;"},"content":{"rendered":"\n<p>El ministro correntino destac\u00f3 la medida como un paliativo para el sector rural y manifest\u00f3 su preocupaci\u00f3n por el impacto de la prolongada sequ\u00eda en todo el sistema agr\u00edcola ganadero de la provincia.<\/p>\n\n\n\n<p>&#8220;La sequ\u00eda impacta m\u00e1s fuerte que los incendios en el sistema productivo&#8221;, afirm\u00f3 el ministro Claudio Anselmo al considerar que es una buena noticia la decisi\u00f3n de la Comisi\u00f3n Nacional de Emergencia y Desastre Agropecuario de prorrogar el estado de emergencia para la provincia de Corrientes, y se mostr\u00f3 optimista en que el ministro de Econom\u00eda de la Naci\u00f3n, Sergio Massa, firme la resoluci\u00f3n que la instrumente efectivamente.<\/p>\n\n\n\n<p>El ministro de Producci\u00f3n de la provincia tambi\u00e9n indic\u00f3 que la medida dispone la pr\u00f3rroga de los beneficios fiscales y facilidades para el acceso al cr\u00e9dito, que se &#8220;instrumentaron a lo largo de todo el a\u00f1o 2022, como consecuencia de los da\u00f1os producidos por los incendios que asolaron los campos correntinos a principios de ese a\u00f1o.<\/p>\n\n\n\n<p>En di\u00e1logo con \u00e9poca, Anselmo destac\u00f3 que la provincia ya decret\u00f3 la emergencia agropecuaria y ahora se suman esos beneficios en jurisdicci\u00f3n nacional. Explic\u00f3 adem\u00e1s que la medida se enmarca en los acuerdos firmados por la provincia y la administraci\u00f3n federal para paliar los efectos de esa tragedia ambiental.<\/p>\n\n\n\n<p>La decisi\u00f3n<br>Desde la Secretaria de Agricultura, Ganader\u00eda y Pesca de la Naci\u00f3n informaron que &#8220;la Comisi\u00f3n Nacional de Emergencia y Desastre Agropecuario, tras un riguroso an\u00e1lisis de situaci\u00f3n sobre el fen\u00f3meno de sequ\u00eda, que atraviesa gran parte del territorio nacional, consider\u00f3 pertinente prorrogar el decreto 3771\/22, que establece el Estado de Emergencia y\/o Desastre Agropecuario, por el t\u00e9rmino de 6 meses, desde el 1 de enero hasta el 1 de julio del corriente a\u00f1o&#8221;, para la provincia de Corrientes, entre otras.<\/p>\n\n\n\n<p>La decisi\u00f3n fue fundamentada en los informes de situaci\u00f3n presentados por el Gobierno de Corrientes sobre los registros que datan de &#8220;un per\u00edodo hist\u00f3rico de sequ\u00eda que se inicia en marzo del 2020 y se extiende hasta la actualidad&#8221;.<\/p>\n\n\n\n<p>Informaron dem\u00e1s que la Mesa de Monitoreo de Sequ\u00edas detect\u00f3 que &#8220;durante los \u00faltimos 6 meses se profundizaron los niveles de sequ\u00eda, destacando una situaci\u00f3n severa m\u00e1s de 29.478.146 hect\u00e1reas e intensas anomal\u00edas en toda la provincia en materia de precipitaciones y en el estado de la vegetaci\u00f3n&#8221;.<\/p>\n\n\n\n<p>En cuanto al impacto de la sequ\u00eda en la provincia, el ministro Claudi Anselmo declar\u00f3 que &#8220;la escasez de agua y la bajante de los r\u00edos y lagunas en todo el territorio provincial pega fuerte en el sistema productivo, y se trabaja en asistencia paliativa a los peque\u00f1os productores&#8221;.<\/p>\n","protected":false},"excerpt":{"rendered":"<p>El ministro correntino destac\u00f3 la medida como un paliativo para el sector rural y manifest\u00f3 su preocupaci\u00f3n por el impacto de la prolongada sequ\u00eda en todo el sistema agr\u00edcola ganadero&hellip; <\/p>\n","protected":false},"author":4,"featured_media":36132,"comment_status":"closed","ping_status":"open","sticky":false,"template":"","format":"standard","meta":{"footnotes":""},"categories":[3],"tags":[],"class_list":["post-36131","post","type-post","status-publish","format-standard","has-post-thumbnail","hentry","category-politica"],"_links":{"self":[{"href":"https:\/\/corrientesdetarde.com\/index.php\/wp-json\/wp\/v2\/posts\/36131","targetHints":{"allow":["GET"]}}],"collection":[{"href":"https:\/\/corrientesdetarde.com\/index.php\/wp-json\/wp\/v2\/posts"}],"about":[{"href":"https:\/\/corrientesdetarde.com\/index.php\/wp-json\/wp\/v2\/types\/post"}],"author":[{"embeddable":true,"href":"https:\/\/corrientesdetarde.com\/index.php\/wp-json\/wp\/v2\/users\/4"}],"replies":[{"embeddable":true,"href":"https:\/\/corrientesdetarde.com\/index.php\/wp-json\/wp\/v2\/comments?post=36131"}],"version-history":[{"count":1,"href":"https:\/\/corrientesdetarde.com\/index.php\/wp-json\/wp\/v2\/posts\/36131\/revisions"}],"predecessor-version":[{"id":36133,"href":"https:\/\/corrientesdetarde.com\/index.php\/wp-json\/wp\/v2\/posts\/36131\/revisions\/36133"}],"wp:featuredmedia":[{"embeddable":true,"href":"https:\/\/corrientesdetarde.com\/index.php\/wp-json\/wp\/v2\/media\/36132"}],"wp:attachment":[{"href":"https:\/\/corrientesdetarde.com\/index.php\/wp-json\/wp\/v2\/media?parent=36131"}],"wp:term":[{"taxonomy":"category","embeddable":true,"href":"https:\/\/corrientesdetarde.com\/index.php\/wp-json\/wp\/v2\/categories?post=36131"},{"taxonomy":"post_tag","embeddable":true,"href":"https:\/\/corrientesdetarde.com\/index.php\/wp-json\/wp\/v2\/tags?post=36131"}],"curies":[{"name":"wp","href":"https:\/\/api.w.org\/{rel}","templated":true}]}}