{"id":36139,"date":"2023-01-29T11:58:13","date_gmt":"2023-01-29T14:58:13","guid":{"rendered":"https:\/\/corrientesdetarde.com\/?p=36139"},"modified":"2023-01-29T11:58:15","modified_gmt":"2023-01-29T14:58:15","slug":"edicion-2023-exitoso-inicio-de-los-corsos-correntinos","status":"publish","type":"post","link":"https:\/\/corrientesdetarde.com\/index.php\/cultura\/edicion-2023-exitoso-inicio-de-los-corsos-correntinos\/","title":{"rendered":"Edici\u00f3n 2023: exitoso inicio de los corsos correntinos"},"content":{"rendered":"\n<p>Este viernes por la noche comenz\u00f3 el carnaval en el Cors\u00f3dromo &#8220;Nolo Al\u00edas&#8221; con m\u00fasica alegr\u00eda y mucho color.\u00a0<\/p>\n\n\n\n<p><strong>La edici\u00f3n 2023 de los Carnavales en la Capital Nacional del Carnaval<\/strong>&nbsp; tuvo su noche inaugural este viernes 27 de enero en el Cors\u00f3dromo &#8220;Nolo Al\u00edas&#8221;.&nbsp; en la Capital Correntina y dej\u00f3 una noche llena de color y m\u00fasica.<\/p>\n\n\n\n<figure class=\"wp-block-image\"><img decoding=\"async\" src=\"https:\/\/pxc.cdn.ellitoral.com.ar\/litoral\/012023\/1674906958583.webp?cw=1200&amp;ch=800&amp;extw=jpg\" alt=\"Edici\u00f3n 2023: exitoso inicio de los corsos correntinos \"\/><\/figure>\n\n\n\n<figure class=\"wp-block-image\"><img decoding=\"async\" src=\"https:\/\/pxc.cdn.ellitoral.com.ar\/litoral\/012023\/1674906956620.webp?cw=1200&amp;ch=800&amp;extw=jpg\" alt=\"Edici\u00f3n 2023: exitoso inicio de los corsos correntinos \"\/><\/figure>\n\n\n\n<p>Miembros de la empresa organizadora de los Carnavales, Ake Music, junto al gobernador Gustavo Vald\u00e9s, el intendente Eduardo Tassano, funcionarios provinciales y municipales, y embajadores de la Capital Nacional del Carnaval fueron los encargados del corte de cinta y de esta manera los carnavales correntinos iniciaron una nueva edici\u00f3n que promete ser exitosa, no s\u00f3lo por la gran afluencia de turistas que ya colmaron la plaza hotelera de la ciudad, sino tambi\u00e9n por el despliegue que prometen las comparsas y agrupaciones en la calzada.<\/p>\n\n\n\n<figure class=\"wp-block-image\"><img decoding=\"async\" src=\"https:\/\/pxc.cdn.ellitoral.com.ar\/litoral\/012023\/1674907217545.webp?cw=1200&amp;ch=800&amp;extw=jpg\" alt=\"Edici\u00f3n 2023: exitoso inicio de los corsos correntinos \"\/><\/figure>\n\n\n\n<figure class=\"wp-block-image\"><img decoding=\"async\" src=\"https:\/\/pxc.cdn.ellitoral.com.ar\/litoral\/012023\/1674907208083.webp?cw=1200&amp;ch=800&amp;extw=jpg\" alt=\"Edici\u00f3n 2023: exitoso inicio de los corsos correntinos \"\/><\/figure>\n\n\n\n<p>Tras el acto inaugural, el gobernador declar\u00f3 a los medios de prensa presentes; \u201cNosotros somos la Capital Nacional del Carnaval y tenemos m\u00e1s de treinta y cinco ciudades con carnavales en el interior, por eso como provincia queremos potenciar cada localidad\u201d. Agreg\u00f3; \u201ctenemos muchas expectativas en la edici\u00f3n 2023 de los Carnavales correntinos, queremos darle el m\u00e1ximo esplendor\u201d.<\/p>\n\n\n\n<figure class=\"wp-block-image\"><img decoding=\"async\" src=\"https:\/\/pxc.cdn.ellitoral.com.ar\/litoral\/012023\/1674907358465.webp?cw=1200&amp;ch=800&amp;extw=jpg\" alt=\"Edici\u00f3n 2023: exitoso inicio de los corsos correntinos \"\/><\/figure>\n\n\n\n<figure class=\"wp-block-image\"><img decoding=\"async\" src=\"https:\/\/pxc.cdn.ellitoral.com.ar\/litoral\/012023\/1674907371071.webp?cw=1200&amp;ch=800&amp;extw=jpg\" alt=\"Edici\u00f3n 2023: exitoso inicio de los corsos correntinos \"\/><\/figure>\n\n\n\n<p>Por \u00faltimo destac\u00f3; \u201cagradecemos a todos los comparseros y a las familias del Carnaval que podamos tener esta fiesta tan hermosa y llena de alegr\u00eda\u201d. Por su parte, Aquiles Sojo, CEO de Ake Music, destac\u00f3 que \u201cel nuevo reglamento que entra en vigencia durante esta edici\u00f3n nos permite darle un mejor espect\u00e1culo a la gente y beneficia al comparsero. Adelanto adem\u00e1s que \u201ceste a\u00f1o nuevamente se contar\u00e1 con la presencia de importantes figuras nacionales\u201d.<\/p>\n\n\n\n<figure class=\"wp-block-image\"><img decoding=\"async\" src=\"https:\/\/pxc.cdn.ellitoral.com.ar\/litoral\/012023\/1674907503177.webp?cw=1200&amp;ch=1200&amp;extw=jpg\" alt=\"Edici\u00f3n 2023: exitoso inicio de los corsos correntinos \"\/><\/figure>\n\n\n\n<figure class=\"wp-block-image\"><img decoding=\"async\" src=\"https:\/\/pxc.cdn.ellitoral.com.ar\/litoral\/012023\/1674907532007.webp?cw=1200&amp;ch=1200&amp;extw=jpg\" alt=\"Edici\u00f3n 2023: exitoso inicio de los corsos correntinos \"\/><\/figure>\n\n\n\n<p><strong>S\u00c1BADO 28 DE ENERO&nbsp;<\/strong><\/p>\n\n\n\n<p>El orden de ingreso para S\u00e1bado 28 de enero ser\u00e1 el siguiente; A las 22 iniciar\u00e1 la agrupaci\u00f3n Samba Total, luego desfilar\u00e1 Samba Show, le seguir\u00e1 Sapucay y luego estar\u00e1 ingresando al Nolo Al\u00edas, Sambanda.<\/p>\n\n\n\n<figure class=\"wp-block-image\"><img decoding=\"async\" src=\"https:\/\/pxc.cdn.ellitoral.com.ar\/litoral\/012023\/1674907516875.webp?cw=1200&amp;ch=1200&amp;extw=jpg\" alt=\"Edici\u00f3n 2023: exitoso inicio de los corsos correntinos \"\/><\/figure>\n\n\n\n<figure class=\"wp-block-image\"><img decoding=\"async\" src=\"https:\/\/pxc.cdn.ellitoral.com.ar\/litoral\/012023\/1674907748556.webp?cw=1200&amp;ch=800&amp;extw=jpg\" alt=\"Edici\u00f3n 2023: exitoso inicio de los corsos correntinos \"\/><\/figure>\n\n\n\n<p>Seguir\u00e1 Arand\u00fa Beleza y la agrupaci\u00f3n del pueblo ser\u00e1 la siguiente, Kamandukahia. Ara Ber\u00e1, Imperio Bahiano y Copacabana ser\u00e1n las \u00faltimas en desfilar.<\/p>\n\n\n\n<figure class=\"wp-block-image\"><img decoding=\"async\" src=\"https:\/\/pxc.cdn.ellitoral.com.ar\/litoral\/012023\/1674907850151.webp?cw=1200&amp;ch=800&amp;extw=jpg\" alt=\"Edici\u00f3n 2023: exitoso inicio de los corsos correntinos \"\/><\/figure>\n\n\n\n<p>Cabe destacar que&nbsp;&nbsp;<strong>este a\u00f1o vuelven los Shows de Comparsas en el Anfiteatro Cocomarola<\/strong>,&nbsp; espect\u00e1culo caracter\u00edstico del Carnaval correntino que no se realiza desde el a\u00f1o 2020. Ser\u00e1n tres noches de show los d\u00edas; 30 de enero, 1 y 6 de febrero.<\/p>\n\n\n\n<figure class=\"wp-block-image\"><img decoding=\"async\" src=\"https:\/\/pxc.cdn.ellitoral.com.ar\/litoral\/012023\/1674907879462.webp?cw=1000&amp;ch=1500&amp;extw=jpg\" alt=\"Edici\u00f3n 2023: exitoso inicio de los corsos correntinos \"\/><\/figure>\n\n\n\n<figure class=\"wp-block-image\"><img decoding=\"async\" src=\"https:\/\/pxc.cdn.ellitoral.com.ar\/litoral\/012023\/1674907891999.webp?cw=1000&amp;ch=1500&amp;extw=jpg\" alt=\"Edici\u00f3n 2023: exitoso inicio de los corsos correntinos \"\/><\/figure>\n\n\n\n<p><strong>VENTA DE ENTRADAS, ESTACIONAMIENTO Y MEDIOS DE PAGO&nbsp;<\/strong><\/p>\n\n\n\n<p>\u2022A trav\u00e9s de Fullticket en<a href=\"https:\/\/www.fullticket.com\/\">https:\/\/www.fullticket.com\/<\/a>&nbsp;en donde pueden encontrarse las distintas promociones vigentes para esta edici\u00f3n:<\/p>\n\n\n\n<p>\u2022Con la compra de entradas con tarjetas Visa se podr\u00e1 acceder a un 10% de descuento y hasta 3 cuotas sin inter\u00e9s.<\/p>\n\n\n\n<p>\u2022Bases y condiciones en<a href=\"https:\/\/promosdelbanco.com\/\">www.promosdelbanco.com<\/a><\/p>\n\n\n\n<p>Venta anticipada de Estacionamientos<\/p>\n\n\n\n<p>\u2022En conjunto con las entradas,<strong>los estacionamientos para concurrir al Carnaval se podr\u00e1n adquirir de forma ANTICIPADA a trav\u00e9s de Fullticket o en los puntos de venta que pronto estar\u00e1n habilitados.<\/strong><\/p>\n\n\n\n<p>Tarjeta Cashless<\/p>\n\n\n\n<p>\u2022Nuevamente ser\u00e1 el medio de pago para obtener bebidas, alimentos o art\u00edculos en el<\/p>\n\n\n\n<p>\u2022 Se trata de un sistema de pago que te permite cargar dinero en una tarjeta y poder consumir gastronom\u00eda y merchandising durante el carnaval<\/p>\n\n\n\n<p>\u2022Se podr\u00e1 solicitar la tarjeta tanto en boleter\u00eda como en los puntos de venta del Carnaval. En el mismo predio habr\u00e1n puestos de recarga.<\/p>\n\n\n\n<p>\u2022Tambi\u00e9n por internet. Aquellos que cuenten con su tarjeta podr\u00e1n escanear el c\u00f3digo QR con la aplicaci\u00f3n de Mercadolibre y cargala por Mercadopago. Dicha aplicaci\u00f3n es gratuita y est\u00e1 disponible para dispositivos Android e iPhone.<\/p>\n\n\n\n<p>\u2022<strong>La tarjeta no tiene costo<\/strong>. Con la primera carga se obtiene la tarjeta sin cargo.<\/p>\n\n\n\n<p>\u2022En el caso de contar con saldo sin usar se podr\u00e1 solicitar la devoluci\u00f3n del dinero en cualquiera de los puntos de venta, incluso en el Cors\u00f3dromo. O con el QR de Mercadopago registrando la tarjeta en fullticket.com.ar y haciendo clic en &#8220;solicitar devoluci\u00f3n&#8221;.<\/p>\n","protected":false},"excerpt":{"rendered":"<p>Este viernes por la noche comenz\u00f3 el carnaval en el Cors\u00f3dromo &#8220;Nolo Al\u00edas&#8221; con m\u00fasica alegr\u00eda y mucho color.\u00a0 La edici\u00f3n 2023 de los Carnavales en la Capital Nacional del&hellip; <\/p>\n","protected":false},"author":4,"featured_media":36140,"comment_status":"closed","ping_status":"open","sticky":false,"template":"","format":"standard","meta":{"footnotes":""},"categories":[15],"tags":[],"class_list":["post-36139","post","type-post","status-publish","format-standard","has-post-thumbnail","hentry","category-cultura"],"_links":{"self":[{"href":"https:\/\/corrientesdetarde.com\/index.php\/wp-json\/wp\/v2\/posts\/36139","targetHints":{"allow":["GET"]}}],"collection":[{"href":"https:\/\/corrientesdetarde.com\/index.php\/wp-json\/wp\/v2\/posts"}],"about":[{"href":"https:\/\/corrientesdetarde.com\/index.php\/wp-json\/wp\/v2\/types\/post"}],"author":[{"embeddable":true,"href":"https:\/\/corrientesdetarde.com\/index.php\/wp-json\/wp\/v2\/users\/4"}],"replies":[{"embeddable":true,"href":"https:\/\/corrientesdetarde.com\/index.php\/wp-json\/wp\/v2\/comments?post=36139"}],"version-history":[{"count":1,"href":"https:\/\/corrientesdetarde.com\/index.php\/wp-json\/wp\/v2\/posts\/36139\/revisions"}],"predecessor-version":[{"id":36141,"href":"https:\/\/corrientesdetarde.com\/index.php\/wp-json\/wp\/v2\/posts\/36139\/revisions\/36141"}],"wp:featuredmedia":[{"embeddable":true,"href":"https:\/\/corrientesdetarde.com\/index.php\/wp-json\/wp\/v2\/media\/36140"}],"wp:attachment":[{"href":"https:\/\/corrientesdetarde.com\/index.php\/wp-json\/wp\/v2\/media?parent=36139"}],"wp:term":[{"taxonomy":"category","embeddable":true,"href":"https:\/\/corrientesdetarde.com\/index.php\/wp-json\/wp\/v2\/categories?post=36139"},{"taxonomy":"post_tag","embeddable":true,"href":"https:\/\/corrientesdetarde.com\/index.php\/wp-json\/wp\/v2\/tags?post=36139"}],"curies":[{"name":"wp","href":"https:\/\/api.w.org\/{rel}","templated":true}]}}