{"id":36188,"date":"2023-01-29T19:01:59","date_gmt":"2023-01-29T22:01:59","guid":{"rendered":"https:\/\/corrientesdetarde.com\/?p=36188"},"modified":"2023-01-29T19:02:02","modified_gmt":"2023-01-29T22:02:02","slug":"un-hombre-quiso-arreglar-una-falla-en-su-camioneta-el-cricket-se-salio-de-lugar-y-murio-aplastado","status":"publish","type":"post","link":"https:\/\/corrientesdetarde.com\/index.php\/crimen-y-justicia\/un-hombre-quiso-arreglar-una-falla-en-su-camioneta-el-cricket-se-salio-de-lugar-y-murio-aplastado\/","title":{"rendered":"Un hombre quiso arreglar una falla en su camioneta, el cricket se sali\u00f3 de lugar y muri\u00f3 aplastado."},"content":{"rendered":"\n<h2 class=\"wp-block-heading\">La v\u00edctima, de 46 a\u00f1os, qued\u00f3 debajo de la parte delantera de una Renault Kangoo. Los vecinos intentaron ayudarlo, pero falleci\u00f3 poco despu\u00e9s.<\/h2>\n\n\n\n<p>Un hombre de 46 a\u00f1os<strong>\u00a0muri\u00f3 aplastado por su camioneta\u00a0<\/strong>mientras intentaba arreglarla. El tr\u00e1gico hecho ocurri\u00f3 este s\u00e1bado por la noche en la localidad de Fern\u00e1ndez Oro, <strong>R\u00edo Negro<\/strong>.<\/p>\n\n\n\n<p>Seg\u00fan inform\u00f3 Luis Hawrylak, polic\u00eda a cargo de la comisar\u00eda 26 de esa localidad, el hecho ocurri\u00f3 en la calle Los Andes al 1300. La v\u00edctima, de apellido Lefi\u00f1anco,&nbsp;<strong>intentaba arreglar la parte delantera<\/strong>&nbsp;de una camioneta Renault Kangoo.<\/p>\n\n\n\n<p>Mientras se encontraba debajo del veh\u00edculo, el cricket con el que lo hab\u00eda levantado<strong>&nbsp;termin\u00f3 cediendo<\/strong>. Esto provoc\u00f3 que todo el peso del mismo cayera sobre \u00e9l, de acuerdo a lo que inform\u00f3<em>&nbsp;LM Neuqu\u00e9n<\/em>.<\/p>\n\n\n\n<figure class=\"wp-block-image\"><img decoding=\"async\" src=\"https:\/\/tn.com.ar\/resizer\/PzYBzMuDdRyERfJsFAMU4CowG4Q=\/767x0\/smart\/filters:format(webp)\/cloudfront-us-east-1.images.arcpublishing.com\/artear\/FVYIPAKLVJGZJDPZMCSLSEYMR4.jpg\" alt=\"Efectivos policiales locales se acercaron al lugar de la tragedia. (Foto: T\u00e9lam)\"\/><figcaption>Efectivos policiales locales se acercaron al lugar de la tragedia. (Foto: T\u00e9lam)<\/figcaption><\/figure>\n\n\n\n<p>Debido a los gritos de las personas que estaban con la v\u00edctima, varios vecinos fueron advertidos sobre la situaci\u00f3n, por lo que de inmediato<strong>&nbsp;utilizaron otro cricket&nbsp;<\/strong>para levantar la camioneta.<\/p>\n\n\n\n<p>Antes de que llegara al rescate la polic\u00eda, bomberos y una ambulancia, estas personas fueron quienes rescataron al hombre. Sin embargo,&nbsp;<strong>su cuerpo no resisti\u00f3<\/strong>&nbsp;y falleci\u00f3 poco despu\u00e9s de ser aplastado, lo cual fue confirmado por el personal de Salud que se acerc\u00f3 al lugar.<\/p>\n\n\n\n<h2 class=\"wp-block-heading\">Otro accidente similar en C\u00f3rdoba<\/h2>\n\n\n\n<p>Un mec\u00e1nico de 42 a\u00f1os\u00a0<strong>muri\u00f3 aplastado por un cami\u00f3n<\/strong>\u00a0mientras lo estaba arreglando. Este lamentable accidente ocurri\u00f3 en la ciudad de Villa Mar\u00eda,\u00a0<strong>C\u00f3rdoba<\/strong>. El hecho sucedi\u00f3 cuando la v\u00edctima se encontraba trabajando en una casa ubicada en la calle Miguel Moreno al 2305, de barrio Parque Norte.<\/p>\n\n\n\n<p>Por causas que todav\u00eda se intentan establecer, fue aplastado por el veh\u00edculo y&nbsp;<strong>qued\u00f3 atrapado<\/strong>. Al lugar fueron los Bomberos Voluntarios, que liberaron al hombre herido de gravedad.<\/p>\n\n\n\n<p>De inmediato, una ambulancia lo traslad\u00f3 al Hospital Regional Luis Pasteur y horas m\u00e1s tarde los m\u00e9dicos&nbsp;<strong>constataron el fallecimiento<\/strong>. Desde el centro de salud informaron que el trabajador sufri\u00f3 un trauma de abdomen con lesiones y un hematoma, lastimaduras que requer\u00edan de una atenci\u00f3n m\u00e9dica inmediata.<\/p>\n\n\n\n<p>En el lugar del tr\u00e1gico hecho trabajaron personal de la Polic\u00eda de C\u00f3rdoba y los Bomberos Voluntarios. En tanto que se iniciaron actuaciones con intervenci\u00f3n de la fiscal\u00eda de instrucci\u00f3n a cargo de Silvia Maldonado.<\/p>\n\n\n\n<p><\/p>\n\n\n\n<p>Fuente: Todo Noticias.<\/p>\n","protected":false},"excerpt":{"rendered":"<p>La v\u00edctima, de 46 a\u00f1os, qued\u00f3 debajo de la parte delantera de una Renault Kangoo. Los vecinos intentaron ayudarlo, pero falleci\u00f3 poco despu\u00e9s. Un hombre de 46 a\u00f1os\u00a0muri\u00f3 aplastado por&hellip; <\/p>\n","protected":false},"author":6,"featured_media":36189,"comment_status":"closed","ping_status":"open","sticky":false,"template":"","format":"standard","meta":{"footnotes":""},"categories":[5],"tags":[],"class_list":["post-36188","post","type-post","status-publish","format-standard","has-post-thumbnail","hentry","category-crimen-y-justicia"],"_links":{"self":[{"href":"https:\/\/corrientesdetarde.com\/index.php\/wp-json\/wp\/v2\/posts\/36188","targetHints":{"allow":["GET"]}}],"collection":[{"href":"https:\/\/corrientesdetarde.com\/index.php\/wp-json\/wp\/v2\/posts"}],"about":[{"href":"https:\/\/corrientesdetarde.com\/index.php\/wp-json\/wp\/v2\/types\/post"}],"author":[{"embeddable":true,"href":"https:\/\/corrientesdetarde.com\/index.php\/wp-json\/wp\/v2\/users\/6"}],"replies":[{"embeddable":true,"href":"https:\/\/corrientesdetarde.com\/index.php\/wp-json\/wp\/v2\/comments?post=36188"}],"version-history":[{"count":1,"href":"https:\/\/corrientesdetarde.com\/index.php\/wp-json\/wp\/v2\/posts\/36188\/revisions"}],"predecessor-version":[{"id":36190,"href":"https:\/\/corrientesdetarde.com\/index.php\/wp-json\/wp\/v2\/posts\/36188\/revisions\/36190"}],"wp:featuredmedia":[{"embeddable":true,"href":"https:\/\/corrientesdetarde.com\/index.php\/wp-json\/wp\/v2\/media\/36189"}],"wp:attachment":[{"href":"https:\/\/corrientesdetarde.com\/index.php\/wp-json\/wp\/v2\/media?parent=36188"}],"wp:term":[{"taxonomy":"category","embeddable":true,"href":"https:\/\/corrientesdetarde.com\/index.php\/wp-json\/wp\/v2\/categories?post=36188"},{"taxonomy":"post_tag","embeddable":true,"href":"https:\/\/corrientesdetarde.com\/index.php\/wp-json\/wp\/v2\/tags?post=36188"}],"curies":[{"name":"wp","href":"https:\/\/api.w.org\/{rel}","templated":true}]}}