{"id":36396,"date":"2023-01-30T14:41:48","date_gmt":"2023-01-30T17:41:48","guid":{"rendered":"https:\/\/corrientesdetarde.com\/?p=36396"},"modified":"2023-01-30T14:41:54","modified_gmt":"2023-01-30T17:41:54","slug":"los-audios-amenazantes-de-la-joven-que-golpeo-a-su-bebe-vas-a-ser-la-primera-en-caer","status":"publish","type":"post","link":"https:\/\/corrientesdetarde.com\/index.php\/crimen-y-justicia\/los-audios-amenazantes-de-la-joven-que-golpeo-a-su-bebe-vas-a-ser-la-primera-en-caer\/","title":{"rendered":"Los audios amenazantes de la joven que golpe\u00f3 a su beb\u00e9: &#8220;Vas a ser la primera en caer&#8221;"},"content":{"rendered":"\n<p>Giuliana, t\u00eda del nene y quien public\u00f3 los videos, fue amenazada. Abiga\u00edl Godoy de 17 a\u00f1os fue imputada por &#8220;lesiones&#8221; pero qued\u00f3 en libertad por ser menor de edad.<\/p>\n\n\n\n<p><strong>Abiga\u00edl Godoy&nbsp;<\/strong>de 17 a\u00f1os fue imputada por \u201c<strong>lesiones<\/strong>\u201d tras golpear a su hijo&nbsp;<strong>Ian<\/strong>, de un a\u00f1o y nueve meses, y sacarle un diente, entre otras reiteradas agresiones.&nbsp;<strong>Giuliana<\/strong>, t\u00eda del nene y quien grab\u00f3&nbsp;<strong>los videos&nbsp;<\/strong>que fueron pruebas en la denuncia de<strong>&nbsp;violencia familiar<\/strong>,&nbsp;recibi\u00f3 fuertes amenazas de la agresora.<\/p>\n\n\n\n<p>Los hechos de violencia se dieron en la localidad de\u00a0<strong>Los Hornos<\/strong>,<strong>\u00a0La Plata, durante<\/strong>\u00a0\u2013 al menos- los \u00faltimos dos meses.\u00a0<strong>Giuliana<\/strong>, cu\u00f1ada de la agresora,\u00a0<strong>logr\u00f3 grabar las reiteradas agresiones que sufr\u00eda su sobrino en manos de su propia madre<\/strong>.<\/p>\n\n\n\n<p>Los&nbsp;<strong>videos&nbsp;<\/strong>sirvieron como pruebas para imputar a Godoy, adem\u00e1s de<strong>&nbsp;los signos visibles de violencia<\/strong>&nbsp;que los m\u00e9dicos del hospital de Gonnet constataron en el cuerpo del ni\u00f1o.<\/p>\n\n\n\n<p><strong>\u201cYo grab\u00e9 el video y present\u00e9 las pruebas<\/strong>. Esto pasaba dentro de mi casa. La mam\u00e1 e Ian estaban viviendo en mi casa.<strong>&nbsp;Yo no pod\u00eda seguir permitiendo eso porque era muy fuerte, era mucha violencia hacia una criatura muy inocente que no ten\u00eda por qu\u00e9 estar pagando los errores de nadie\u201d<\/strong>, cont\u00f3 la mujer.<\/p>\n\n\n\n<p>Al ser consultada sobre hac\u00eda cu\u00e1nto que Ian era v\u00edctima de violencia, Giuliana cont\u00f3:\u00a0<strong>\u201cDesde que viven ac\u00e1, hace dos meses<\/strong>, le pegaba todos los d\u00edas<strong>. Lo habl\u00e1bamos, le dec\u00eda que no le pegara. Le pegaba por cualquier cosa&#8221;<\/strong>, agreg\u00f3 la denunciante .<\/p>\n\n\n\n<p><strong>\u201cIan era muy \u2018pegote\u2019 a ella y&nbsp;<\/strong>ella siempre le dec\u00eda \u2018correte, pesado, guacho, gordo. Lo trataba de \u2018gorda pu&#8230;\u2019 como si fuera una nena y siempre le daba una cachetada\u201d<strong>,&nbsp;<\/strong>detall\u00f3.<\/p>\n\n\n\n<p>&#8220;Estoy recibiendo amenazas de ella, grita un mont\u00f3n en los audios.&nbsp;Yo estoy tranquila, no estoy nerviosa ni tengo miedo porque no hice nada malo. A m\u00ed me importan mis hijos y la seguridad de ellos. No es nada en contra de ella ni de su familia&#8221;, agreg\u00f3 Giuliana, que es madre de dos mellizos de la misma edad que Ian.<\/p>\n\n\n\n<p>Giuliana cont\u00f3 que Abigail es hermana de su marido y que, pese a las diferencias familiares, hab\u00eda decidido darles un lugar para vivir porque \u2018<strong>quer\u00eda salvarlo de donde estaba<\/strong>, pero el nene segu\u00eda sufriendo una mala vida igual. Yo con ella no me hablaba, estaba peleada por cosas familiares.&nbsp;<strong>Siempre fue agresiva, mala, pero saqu\u00e9 esas diferencias de lado y pens\u00e9 en Ian<\/strong>\u2019.<\/p>\n\n\n\n<p>&#8220;<strong>\u00c9l viv\u00eda en condiciones precarias, no ten\u00edan un lugar estable<\/strong>. Se que Ian estaba mal. Cuando la fui a buscar, su hermano Luis\u00a0<strong>me pidi\u00f3 que cuide a Ian, que ella le pegaba mucho<\/strong>.\u00a0<strong>Una cosa es que te lo digan y otra es verlo.<\/strong>\u00a0Yo solo quiero que est\u00e9 bien y se termine todo esto.<strong>\u00a0El pap\u00e1 y la abuela paterna luchan por \u00e9l<\/strong>&#8220;, indic\u00f3 sobre los cuidados del nene.<\/p>\n\n\n\n<figure class=\"wp-block-embed is-type-video is-provider-youtube wp-block-embed-youtube wp-embed-aspect-16-9 wp-has-aspect-ratio\"><div class=\"wp-block-embed__wrapper\">\n<iframe loading=\"lazy\" title=\"GOLPE\u00d3 a su HIJO, la GRABARON y EST\u00c1 LIBRE: HABLA la T\u00cdA de la V\u00cdCTIMA\" width=\"1110\" height=\"624\" src=\"https:\/\/www.youtube.com\/embed\/tSk518uWJ_g?start=892&#038;feature=oembed\" frameborder=\"0\" allow=\"accelerometer; autoplay; clipboard-write; encrypted-media; gyroscope; picture-in-picture; web-share\" allowfullscreen><\/iframe>\n<\/div><\/figure>\n\n\n\n<p><\/p>\n","protected":false},"excerpt":{"rendered":"<p>Giuliana, t\u00eda del nene y quien public\u00f3 los videos, fue amenazada. Abiga\u00edl Godoy de 17 a\u00f1os fue imputada por &#8220;lesiones&#8221; pero qued\u00f3 en libertad por ser menor de edad. Abiga\u00edl&hellip; <\/p>\n","protected":false},"author":8,"featured_media":36397,"comment_status":"closed","ping_status":"open","sticky":false,"template":"","format":"standard","meta":{"footnotes":""},"categories":[5],"tags":[],"class_list":["post-36396","post","type-post","status-publish","format-standard","has-post-thumbnail","hentry","category-crimen-y-justicia"],"_links":{"self":[{"href":"https:\/\/corrientesdetarde.com\/index.php\/wp-json\/wp\/v2\/posts\/36396","targetHints":{"allow":["GET"]}}],"collection":[{"href":"https:\/\/corrientesdetarde.com\/index.php\/wp-json\/wp\/v2\/posts"}],"about":[{"href":"https:\/\/corrientesdetarde.com\/index.php\/wp-json\/wp\/v2\/types\/post"}],"author":[{"embeddable":true,"href":"https:\/\/corrientesdetarde.com\/index.php\/wp-json\/wp\/v2\/users\/8"}],"replies":[{"embeddable":true,"href":"https:\/\/corrientesdetarde.com\/index.php\/wp-json\/wp\/v2\/comments?post=36396"}],"version-history":[{"count":1,"href":"https:\/\/corrientesdetarde.com\/index.php\/wp-json\/wp\/v2\/posts\/36396\/revisions"}],"predecessor-version":[{"id":36398,"href":"https:\/\/corrientesdetarde.com\/index.php\/wp-json\/wp\/v2\/posts\/36396\/revisions\/36398"}],"wp:featuredmedia":[{"embeddable":true,"href":"https:\/\/corrientesdetarde.com\/index.php\/wp-json\/wp\/v2\/media\/36397"}],"wp:attachment":[{"href":"https:\/\/corrientesdetarde.com\/index.php\/wp-json\/wp\/v2\/media?parent=36396"}],"wp:term":[{"taxonomy":"category","embeddable":true,"href":"https:\/\/corrientesdetarde.com\/index.php\/wp-json\/wp\/v2\/categories?post=36396"},{"taxonomy":"post_tag","embeddable":true,"href":"https:\/\/corrientesdetarde.com\/index.php\/wp-json\/wp\/v2\/tags?post=36396"}],"curies":[{"name":"wp","href":"https:\/\/api.w.org\/{rel}","templated":true}]}}