{"id":36565,"date":"2023-01-31T10:18:05","date_gmt":"2023-01-31T13:18:05","guid":{"rendered":"https:\/\/corrientesdetarde.com\/?p=36565"},"modified":"2023-01-31T10:18:08","modified_gmt":"2023-01-31T13:18:08","slug":"argentina1985-se-medira-con-otras-cuatro-peliculas-en-los-premios-oscar","status":"publish","type":"post","link":"https:\/\/corrientesdetarde.com\/index.php\/cultura\/argentina1985-se-medira-con-otras-cuatro-peliculas-en-los-premios-oscar\/","title":{"rendered":"Argentina,1985 se medir\u00e1 con otras cuatro pel\u00edculas en los premios Oscar"},"content":{"rendered":"\n<p>\u201cArgentina, 1985\u201d, la pel\u00edcula de Santiago Mitre con Ricardo Dar\u00edn y Peter Lanzani est\u00e1 nominada en la categor\u00eda de Mejor pel\u00edcula internacional en la 95ta. edici\u00f3n de los premios Oscar, que se llevar\u00e1n a cabo el pr\u00f3ximo 12 de marzo en Los \u00c1ngeles. All\u00ed competir\u00e1 con cuatro pel\u00edculas: \u201cSin novedad en el frente\u201d, \u201cCerca\u201d, \u201cEO\u201d y \u201cThe Quiet Girl\u201d. &nbsp;La alemana &#8220;Sin novedad en el frente&#8221;, es un drama b\u00e9lico de notable factura y que est\u00e1 nominada en otras ocho categor\u00edas de los premios 2023 que entrega la Academia de Hollywood, la belga &#8220;Cerca&#8221; (&#8220;Close&#8221;), un sensible drama de adolescencia del belga Lukas Dhont con premiere en Cannes; la polaca &#8220;EO&#8221;, que con mano maestra narra el improbable e imprevisto viaje de un burro por la Europa actual y la irlandesa &#8220;The Quiet Girl&#8221;, delicado filme sobre infancias y maternidades, son las cuatro pel\u00edculas que con peso propio y atributos sobrados competir\u00e1n contra &#8220;Argentina, 1985&#8221; por el Oscar a Mejor Pel\u00edcula Internacional el pr\u00f3ximo 12 de marzo.&nbsp;<\/p>\n\n\n\n<p>Aun cuando todav\u00eda no se abrieron las apuestas en las casas de juego virtuales y el filme argentino luce bien posicionado luego de su performance en los Globos de Oro de la prensa extranjera de Hollywood, donde se llev\u00f3 el galard\u00f3n en este mismo rubro, como para convertirse en la tercera pel\u00edcula argentina en darle al pa\u00eds la estatuilla dorada de los Oscar, sus contendientes no son filmes menores y todos llegan a la gala del Dolby Theatre de Los \u00c1ngeles, con premios y cr\u00edticas que sostienen sus chances intactas.&nbsp;<\/p>\n","protected":false},"excerpt":{"rendered":"<p>\u201cArgentina, 1985\u201d, la pel\u00edcula de Santiago Mitre con Ricardo Dar\u00edn y Peter Lanzani est\u00e1 nominada en la categor\u00eda de Mejor pel\u00edcula internacional en la 95ta. edici\u00f3n de los premios Oscar,&hellip; <\/p>\n","protected":false},"author":4,"featured_media":36566,"comment_status":"closed","ping_status":"open","sticky":false,"template":"","format":"standard","meta":{"footnotes":""},"categories":[15],"tags":[],"class_list":["post-36565","post","type-post","status-publish","format-standard","has-post-thumbnail","hentry","category-cultura"],"_links":{"self":[{"href":"https:\/\/corrientesdetarde.com\/index.php\/wp-json\/wp\/v2\/posts\/36565","targetHints":{"allow":["GET"]}}],"collection":[{"href":"https:\/\/corrientesdetarde.com\/index.php\/wp-json\/wp\/v2\/posts"}],"about":[{"href":"https:\/\/corrientesdetarde.com\/index.php\/wp-json\/wp\/v2\/types\/post"}],"author":[{"embeddable":true,"href":"https:\/\/corrientesdetarde.com\/index.php\/wp-json\/wp\/v2\/users\/4"}],"replies":[{"embeddable":true,"href":"https:\/\/corrientesdetarde.com\/index.php\/wp-json\/wp\/v2\/comments?post=36565"}],"version-history":[{"count":1,"href":"https:\/\/corrientesdetarde.com\/index.php\/wp-json\/wp\/v2\/posts\/36565\/revisions"}],"predecessor-version":[{"id":36567,"href":"https:\/\/corrientesdetarde.com\/index.php\/wp-json\/wp\/v2\/posts\/36565\/revisions\/36567"}],"wp:featuredmedia":[{"embeddable":true,"href":"https:\/\/corrientesdetarde.com\/index.php\/wp-json\/wp\/v2\/media\/36566"}],"wp:attachment":[{"href":"https:\/\/corrientesdetarde.com\/index.php\/wp-json\/wp\/v2\/media?parent=36565"}],"wp:term":[{"taxonomy":"category","embeddable":true,"href":"https:\/\/corrientesdetarde.com\/index.php\/wp-json\/wp\/v2\/categories?post=36565"},{"taxonomy":"post_tag","embeddable":true,"href":"https:\/\/corrientesdetarde.com\/index.php\/wp-json\/wp\/v2\/tags?post=36565"}],"curies":[{"name":"wp","href":"https:\/\/api.w.org\/{rel}","templated":true}]}}