{"id":36718,"date":"2023-01-31T16:41:54","date_gmt":"2023-01-31T19:41:54","guid":{"rendered":"https:\/\/corrientesdetarde.com\/?p=36718"},"modified":"2023-01-31T16:41:56","modified_gmt":"2023-01-31T19:41:56","slug":"en-alerta-por-la-sequia-massa-se-reune-con-la-mesa-de-enlace-y-se-esperan-medidas-para-el-campo","status":"publish","type":"post","link":"https:\/\/corrientesdetarde.com\/index.php\/nacionales\/en-alerta-por-la-sequia-massa-se-reune-con-la-mesa-de-enlace-y-se-esperan-medidas-para-el-campo\/","title":{"rendered":"En alerta por la sequ\u00eda, Massa se re\u00fane con la mesa de enlace y se esperan medidas para el campo"},"content":{"rendered":"\n<p>El ministro de Econom\u00eda convoc\u00f3 para este martes a cuatro entidades agropecuarias a una reuni\u00f3n en el Palacio de Hacienda. Podr\u00edan definir iniciativas de alivio para los productores rurales.<\/p>\n\n\n\n<p>El ministro de Econom\u00eda,<strong>&nbsp;Sergio Massa<\/strong>, recibir\u00e1 este martes, desde las 18 horas, a las 4 entidades de la&nbsp;<strong>mesa de enlace&nbsp;<\/strong>(CRA, FAA, SRA y Coninagro) en el Palacio de Hacienda, para definir medidas de alivio para los productores agropecuarios afectados por la sequ\u00eda.<\/p>\n\n\n\n<p>Del encuentro, tambi\u00e9n participar\u00e1 el secretario de Agricultura,\u00a0<strong>Juan Jos\u00e9 Bahillo,\u00a0<\/strong>quien recientemente evalu\u00f3 posibles beneficios crediticios e impositivos para el sector, junto con el titular de la Administraci\u00f3n Federal de Ingresos P\u00fablicos (AFIP),\u00a0<strong>Carlos Castagneto,<\/strong>\u00a0y la presidente del Banco Naci\u00f3n,\u00a0<strong>Silvina Batakis.<\/strong><\/p>\n\n\n\n<p>En tanto, tambi\u00e9n asistir\u00e1n la Federaci\u00f3n de Cooperativas Federadas (FECOFE) y la Federaci\u00f3n de Organizaciones Nucleadas de la Agricultura Familiar (FONAF), que integran la<strong>&nbsp;Mesa Agroalimentaria.<\/strong><\/p>\n\n\n\n<p>Seg\u00fan fuentes oficiales consultadas por&nbsp;<strong>TN,<\/strong>&nbsp;se tratar\u00eda de una \u201creuni\u00f3n de trabajo\u201d antes del anuncio concreto de las medidas, que Massa hab\u00eda planeado, en un principio, para el pr\u00f3ximo mi\u00e9rcoles 1\u00b0 de febrero.<\/p>\n\n\n\n<p>M\u00e1s all\u00e1 de los aspectos generales que desde el Gobierno dejaron trascender de esta negociaci\u00f3n, los dirigentes de la mesa de enlace fueron m\u00e1s espec\u00edficos en algunos de los principales reclamos, que le hicieron llegar nuevamente a Bahillo durante un encuentro que el pasado jueves 26 de enero. Al t\u00e9rmino del mismo, la Sociedad Rural difundi\u00f3 un documento con<strong>\u00a0algunos de los aspectos concretos<\/strong>\u00a0que le plantearon al funcionario.<\/p>\n\n\n\n<h2 class=\"wp-block-heading\">Los reclamos del campo a Massa<\/h2>\n\n\n\n<p>En ese sentido, se\u00f1alaron que&nbsp;<strong>se deben acelerar las declaraciones de \u201cEmergencia y Desastre\u201d<\/strong>&nbsp;a nivel local, provincial y nacional. Seg\u00fan consideraron, ser\u00e1 necesario para instrumentar las pr\u00f3rrogas de los vencimientos del pago de algunos tributos y la suspensi\u00f3n de anticipos de Ganancias, pago a cuenta extraordinario de Ganancias y Bienes Personales. En estos \u00faltimos dos casos, con vencimiento al 14 de febrero.<\/p>\n\n\n\n<p>Tambi\u00e9n mencionaron que las declaraciones de emergencia servir\u00e1n para eximir del pago del impuesto sobre los bienes personales y postergar tributos provinciales como el<strong>\u00a0Inmobiliario Rural,\u00a0<\/strong>pr\u00f3ximos a vencer su primera cuota: en la provincia de Buenos Aires, el 9 de marzo; Santa Fe, el 22 de febrero; C\u00f3rdoba, el 10 de febrero, y Entre R\u00edos el 11 de abril. Como as\u00ed tambi\u00e9n exceptuar de<strong>\u00a0Ingresos brutos<\/strong>\u00a0a las actividades primarias y locales (tasas viales).<\/p>\n\n\n\n<p>Tambi\u00e9n reclamaron que se suspendan las retenciones de IVA en las liquidaciones de ventas de granos, carnes y l\u00e1cteos, al igual que en los Insumos (fertilizantes, agroqu\u00edmicos y semillas) para la campa\u00f1a 2023\/24. \u201cEsta medida debe ser instrumentada desde los or\u00edgenes de la cadena (importaci\u00f3n)\u201d, consideraron.<\/p>\n\n\n\n<p>Asimismo, pidieron una<strong>\u00a0pr\u00f3rroga de vencimientos de cr\u00e9ditos<\/strong>\u00a0a productores en emergencia y evitar que esta situaci\u00f3n afecte sus clasificaciones crediticias.<\/p>\n\n\n\n<p>El secretario de Agricultura, Juan Jos\u00e9 Bahillo, encabez\u00f3 d\u00edas atr\u00e1s una reuni\u00f3n con los representantes de la mesa de enlace y de otras entidades agropecuarias. (Foto: Sociedad Rural)<\/p>\n\n\n\n<p>Adem\u00e1s, mencionaron la necesidad de recomponer los activos y el capital de trabajo, y de impulsar<strong>&nbsp;l\u00edneas de pr\u00e9stamos&nbsp;<\/strong>(pueden ser tambi\u00e9n a valor producto) a&nbsp;<strong>tasas accesibles,<\/strong>&nbsp;con un plazo de gracia \u201cacorde al tiempo de recomposici\u00f3n que demandar\u00e1 el ciclo productivo\u201d.<\/p>\n\n\n\n<p>En ese sentido, pidieron derogar la comunicaci\u00f3n del\u00a0<strong>Banco Central\u00a0<\/strong>que limita los cr\u00e9ditos a quienes tengan m\u00e1s de un 5% de su producci\u00f3n en stock de soja y trigo. Como as\u00ed tambi\u00e9n el retiro de la tasa de inter\u00e9s de un 20% adicional para quienes tengan m\u00e1s del 5% de la soja cosechada. Adem\u00e1s, solicitaron la\u00a0<strong>postergaci\u00f3n de los vencimientos de las tarjetas rurales Agro-Naci\u00f3n del Banco Naci\u00f3n y Pro-Campo del Banco Provincia.<\/strong><\/p>\n\n\n\n<p>En lo que respecta a las econom\u00edas regionales, para mantener el nivel de empleo propusieron instrumentar un esquema que les permita prorrogar, por un a\u00f1o, el pago de las obligaciones de la seguridad social, similar al que ya se aplic\u00f3 por medio de la&nbsp;<strong>Ley de Emergencia Frut\u00edcola,<\/strong>&nbsp;N\u00famero 27.354.<\/p>\n\n\n\n<p>En el documento, los ruralistas tampoco dejaron de lado los reclamos estructurales del sector, como la eliminaci\u00f3n de las&nbsp;<strong>restricciones de exportaci\u00f3n de los<\/strong>&nbsp;<strong>7 cortes vacunos,&nbsp;<\/strong>la liberaci\u00f3n de las importaciones de semillas forrajeras, una posible rebaja de las retenciones, la unificaci\u00f3n cambiaria y la eliminaci\u00f3n del diferencial que genera los \u201cvalores aforados\u201d en los derechos de exportaci\u00f3n (DEX) de cueros.<\/p>\n\n\n\n<p>De hecho, la SRA tambi\u00e9n le hab\u00eda hecho llegar a Massa, con anterioridad, una propuesta para reducir las retenciones a la mitad, con el mismo costo fiscal que tuvieron la primera y la segunda edici\u00f3n del&nbsp;<strong>\u201cd\u00f3lar soja\u201d.<\/strong><\/p>\n","protected":false},"excerpt":{"rendered":"<p>El ministro de Econom\u00eda convoc\u00f3 para este martes a cuatro entidades agropecuarias a una reuni\u00f3n en el Palacio de Hacienda. Podr\u00edan definir iniciativas de alivio para los productores rurales. El&hellip; <\/p>\n","protected":false},"author":8,"featured_media":36719,"comment_status":"closed","ping_status":"open","sticky":false,"template":"","format":"standard","meta":{"footnotes":""},"categories":[10],"tags":[],"class_list":["post-36718","post","type-post","status-publish","format-standard","has-post-thumbnail","hentry","category-nacionales"],"_links":{"self":[{"href":"https:\/\/corrientesdetarde.com\/index.php\/wp-json\/wp\/v2\/posts\/36718","targetHints":{"allow":["GET"]}}],"collection":[{"href":"https:\/\/corrientesdetarde.com\/index.php\/wp-json\/wp\/v2\/posts"}],"about":[{"href":"https:\/\/corrientesdetarde.com\/index.php\/wp-json\/wp\/v2\/types\/post"}],"author":[{"embeddable":true,"href":"https:\/\/corrientesdetarde.com\/index.php\/wp-json\/wp\/v2\/users\/8"}],"replies":[{"embeddable":true,"href":"https:\/\/corrientesdetarde.com\/index.php\/wp-json\/wp\/v2\/comments?post=36718"}],"version-history":[{"count":1,"href":"https:\/\/corrientesdetarde.com\/index.php\/wp-json\/wp\/v2\/posts\/36718\/revisions"}],"predecessor-version":[{"id":36720,"href":"https:\/\/corrientesdetarde.com\/index.php\/wp-json\/wp\/v2\/posts\/36718\/revisions\/36720"}],"wp:featuredmedia":[{"embeddable":true,"href":"https:\/\/corrientesdetarde.com\/index.php\/wp-json\/wp\/v2\/media\/36719"}],"wp:attachment":[{"href":"https:\/\/corrientesdetarde.com\/index.php\/wp-json\/wp\/v2\/media?parent=36718"}],"wp:term":[{"taxonomy":"category","embeddable":true,"href":"https:\/\/corrientesdetarde.com\/index.php\/wp-json\/wp\/v2\/categories?post=36718"},{"taxonomy":"post_tag","embeddable":true,"href":"https:\/\/corrientesdetarde.com\/index.php\/wp-json\/wp\/v2\/tags?post=36718"}],"curies":[{"name":"wp","href":"https:\/\/api.w.org\/{rel}","templated":true}]}}