{"id":36731,"date":"2023-01-31T20:51:36","date_gmt":"2023-01-31T23:51:36","guid":{"rendered":"https:\/\/corrientesdetarde.com\/?p=36731"},"modified":"2023-01-31T20:51:39","modified_gmt":"2023-01-31T23:51:39","slug":"la-dpec-realizara-trabajos-de-mejoras-en-capital-paso-de-la-patria-paso-de-los-libres-y-9-de-julio","status":"publish","type":"post","link":"https:\/\/corrientesdetarde.com\/index.php\/informacion-general\/la-dpec-realizara-trabajos-de-mejoras-en-capital-paso-de-la-patria-paso-de-los-libres-y-9-de-julio\/","title":{"rendered":"La DPEC realizar\u00e1 trabajos de mejoras en Capital, Paso de la Patria, Paso de los Libres y 9 de Julio"},"content":{"rendered":"\n<p>La Direcci\u00f3n Provincial de Energ\u00eda de Corrientes (DPEC) informa que con motivo de realizar mejoras en el servicio, se ejecutar\u00e1n tareas de conexi\u00f3n de Nexo en una nueva Subestaci\u00f3n Transformadora A\u00e9rea (SETA),por lo cual se interrumpir\u00e1 el suministro de energ\u00eda el\u00e9ctrica en la localidad de 9 de Julio y zonas de influencia,este Mi\u00e9rcoles 01\/02\/23 de 06:30 a 07:30 Hs.<\/p>\n\n\n\n<p><strong>Paso de los Libres<\/strong><\/p>\n\n\n\n<p>La Direcci\u00f3n Provincial de Energ\u00eda de Corrientes (DPEC) informa que con motivo de realizar mejoras en el servicio, se ejecutar\u00e1n tareas de poda sobre la traza de L\u00edneas de Media Tensi\u00f3n (LMT), por lo cual se interrumpir\u00e1 el suministro de energ\u00eda el\u00e9ctrica en la localidad de Paso de los Libres, este Mi\u00e9rcoles 01\/02\/23, de 07:30 a 09:00 Hs. en las zonas: Parte del B\u00b0 Ca\u00e1 Guaz\u00fa, parte del B\u00b0 300 Viviendas por Jorge Newbery, B\u00b0 132 Viv, Axion &#8220;El Yacare&#8221;, Avenidas Belgrano y Di Tomaso,<\/p>\n\n\n\n<p>B\u00b0 La Estaci\u00f3n, B\u00b0 La Coral, B\u00b0 Ren\u00e9 Favaloro, B\u00b0 La Tablita, B\u00b0 San Cayetano y Av. Belgrano hasta Maestro Melogno.<\/p>\n\n\n\n<p><strong>Paso de la Patria<\/strong><\/p>\n\n\n\n<p>La Direcci\u00f3n Provincial de Energ\u00eda de Corrientes (DPEC) informa que con motivo de realizar mejoras en el servicio, se ejecutar\u00e1n tareas de mantenimiento de L\u00edneas de Media Tensi\u00f3n (LMT), por lo cual se interrumpir\u00e1 el suministro de energ\u00eda el\u00e9ctrica en la localidad de Paso de la Patria, este Mi\u00e9rcoles 01\/02\/23 de 07:00 a 10:00 Hs. en las zonas : B\u00ba 40 Viviendas, B\u00ba Los Pescadores, B\u00ba Dr. Se\u00f1orans y zonas de influencia.<\/p>\n\n\n\n<p><strong>Capital<\/strong><\/p>\n\n\n\n<p>La Direcci\u00f3n Provincial de Energ\u00eda de Corrientes (DPEC) informa que con motivo de realizar mejoras en el servicio, se ejecutar\u00e1n tareas de mantenimiento de L\u00edneas de Media Tensi\u00f3n (LMT), por lo cual se interrumpir\u00e1 el suministro de energ\u00eda el\u00e9ctrica en la ciudad CAPITAL, este Mi\u00e9rcoles 01\/02\/23 de 07:00 a 13:00 Hs. en las zonas : Parte del Corsodromo, Perich\u00f3n (Kramer, Camping La Morocha) y zonas de influencia.<\/p>\n","protected":false},"excerpt":{"rendered":"<p>La Direcci\u00f3n Provincial de Energ\u00eda de Corrientes (DPEC) informa que con motivo de realizar mejoras en el servicio, se ejecutar\u00e1n tareas de conexi\u00f3n de Nexo en una nueva Subestaci\u00f3n Transformadora&hellip; <\/p>\n","protected":false},"author":1,"featured_media":36732,"comment_status":"closed","ping_status":"open","sticky":false,"template":"","format":"standard","meta":{"footnotes":""},"categories":[1],"tags":[],"class_list":["post-36731","post","type-post","status-publish","format-standard","has-post-thumbnail","hentry","category-informacion-general"],"_links":{"self":[{"href":"https:\/\/corrientesdetarde.com\/index.php\/wp-json\/wp\/v2\/posts\/36731","targetHints":{"allow":["GET"]}}],"collection":[{"href":"https:\/\/corrientesdetarde.com\/index.php\/wp-json\/wp\/v2\/posts"}],"about":[{"href":"https:\/\/corrientesdetarde.com\/index.php\/wp-json\/wp\/v2\/types\/post"}],"author":[{"embeddable":true,"href":"https:\/\/corrientesdetarde.com\/index.php\/wp-json\/wp\/v2\/users\/1"}],"replies":[{"embeddable":true,"href":"https:\/\/corrientesdetarde.com\/index.php\/wp-json\/wp\/v2\/comments?post=36731"}],"version-history":[{"count":1,"href":"https:\/\/corrientesdetarde.com\/index.php\/wp-json\/wp\/v2\/posts\/36731\/revisions"}],"predecessor-version":[{"id":36740,"href":"https:\/\/corrientesdetarde.com\/index.php\/wp-json\/wp\/v2\/posts\/36731\/revisions\/36740"}],"wp:featuredmedia":[{"embeddable":true,"href":"https:\/\/corrientesdetarde.com\/index.php\/wp-json\/wp\/v2\/media\/36732"}],"wp:attachment":[{"href":"https:\/\/corrientesdetarde.com\/index.php\/wp-json\/wp\/v2\/media?parent=36731"}],"wp:term":[{"taxonomy":"category","embeddable":true,"href":"https:\/\/corrientesdetarde.com\/index.php\/wp-json\/wp\/v2\/categories?post=36731"},{"taxonomy":"post_tag","embeddable":true,"href":"https:\/\/corrientesdetarde.com\/index.php\/wp-json\/wp\/v2\/tags?post=36731"}],"curies":[{"name":"wp","href":"https:\/\/api.w.org\/{rel}","templated":true}]}}