{"id":36749,"date":"2023-01-31T22:35:21","date_gmt":"2023-02-01T01:35:21","guid":{"rendered":"https:\/\/corrientesdetarde.com\/?p=36749"},"modified":"2023-01-31T22:35:25","modified_gmt":"2023-02-01T01:35:25","slug":"vecinos-atraparon-a-un-ladron-y-lo-retuvieron-hasta-que-llego-la-policia","status":"publish","type":"post","link":"https:\/\/corrientesdetarde.com\/index.php\/sociales\/vecinos-atraparon-a-un-ladron-y-lo-retuvieron-hasta-que-llego-la-policia\/","title":{"rendered":"Vecinos atraparon a un ladr\u00f3n y lo retuvieron hasta que lleg\u00f3 la Polic\u00eda"},"content":{"rendered":"\n<p>Vecinos del barrio 12 de Octubre, en La Calera, C\u00f3rdoba, atraparon a un ladr\u00f3n que intent\u00f3 ingresar en una vivienda junto dos c\u00f3mplices y lo retuvieron hasta que lleg\u00f3 la Polic\u00eda.<\/p>\n\n\n\n<p><br>Seg\u00fan consta en la denuncia, cuando el joven quiso entrar en la casa, los due\u00f1os alertaron a los vecinos y lograron atraparlo y retenerlo por varios minutos.<br><br>Fuentes policiales agregaron que el delincuente fue agredido por los vecinos y luego trasladado al hospital de La Calera para su asistencia. Algunas personas presentes filmaron el momento, donde se ve al joven tirado en el piso e inm\u00f3vil.<\/p>\n\n\n\n<p>La p\u00e1gina de Facebook &#8220;Basta de robos-La Calera&#8221; se encarg\u00f3 de viralizar las im\u00e1genes, que derivaron en decenas de comentarios con reclamos por la inseguridad que reina en la zona. En esa localidad ya se contabilizaron unos 25 robos en lo que va del a\u00f1o entre hechos en casas, edificios, autos y motos.<\/p>\n","protected":false},"excerpt":{"rendered":"<p>Vecinos del barrio 12 de Octubre, en La Calera, C\u00f3rdoba, atraparon a un ladr\u00f3n que intent\u00f3 ingresar en una vivienda junto dos c\u00f3mplices y lo retuvieron hasta que lleg\u00f3 la&hellip; <\/p>\n","protected":false},"author":1,"featured_media":36755,"comment_status":"closed","ping_status":"open","sticky":false,"template":"","format":"standard","meta":{"footnotes":""},"categories":[17],"tags":[],"class_list":["post-36749","post","type-post","status-publish","format-standard","has-post-thumbnail","hentry","category-sociales"],"_links":{"self":[{"href":"https:\/\/corrientesdetarde.com\/index.php\/wp-json\/wp\/v2\/posts\/36749","targetHints":{"allow":["GET"]}}],"collection":[{"href":"https:\/\/corrientesdetarde.com\/index.php\/wp-json\/wp\/v2\/posts"}],"about":[{"href":"https:\/\/corrientesdetarde.com\/index.php\/wp-json\/wp\/v2\/types\/post"}],"author":[{"embeddable":true,"href":"https:\/\/corrientesdetarde.com\/index.php\/wp-json\/wp\/v2\/users\/1"}],"replies":[{"embeddable":true,"href":"https:\/\/corrientesdetarde.com\/index.php\/wp-json\/wp\/v2\/comments?post=36749"}],"version-history":[{"count":1,"href":"https:\/\/corrientesdetarde.com\/index.php\/wp-json\/wp\/v2\/posts\/36749\/revisions"}],"predecessor-version":[{"id":36757,"href":"https:\/\/corrientesdetarde.com\/index.php\/wp-json\/wp\/v2\/posts\/36749\/revisions\/36757"}],"wp:featuredmedia":[{"embeddable":true,"href":"https:\/\/corrientesdetarde.com\/index.php\/wp-json\/wp\/v2\/media\/36755"}],"wp:attachment":[{"href":"https:\/\/corrientesdetarde.com\/index.php\/wp-json\/wp\/v2\/media?parent=36749"}],"wp:term":[{"taxonomy":"category","embeddable":true,"href":"https:\/\/corrientesdetarde.com\/index.php\/wp-json\/wp\/v2\/categories?post=36749"},{"taxonomy":"post_tag","embeddable":true,"href":"https:\/\/corrientesdetarde.com\/index.php\/wp-json\/wp\/v2\/tags?post=36749"}],"curies":[{"name":"wp","href":"https:\/\/api.w.org\/{rel}","templated":true}]}}