{"id":36750,"date":"2023-01-31T22:20:42","date_gmt":"2023-02-01T01:20:42","guid":{"rendered":"https:\/\/corrientesdetarde.com\/?p=36750"},"modified":"2023-01-31T22:20:45","modified_gmt":"2023-02-01T01:20:45","slug":"segun-una-encuesta-el-76-de-los-argentinos-quiere-un-cambio-de-gobierno","status":"publish","type":"post","link":"https:\/\/corrientesdetarde.com\/index.php\/politica\/segun-una-encuesta-el-76-de-los-argentinos-quiere-un-cambio-de-gobierno\/","title":{"rendered":"Seg\u00fan una encuesta, el 76% de los argentinos quiere un cambio de gobierno"},"content":{"rendered":"\n<p>Un nuevo relevamiento domiciliario de la consultora Zuban C\u00f3rdoba y Asociados grafic\u00f3 los niveles de descontento que carga el Gobierno Nacional al comenzar su \u00faltimo a\u00f1o de gesti\u00f3n. Sin embargo, en diferentes escenarios de la encuesta el panperonismo se muestra competitivo y le disputa la elecci\u00f3n a Juntos por el Cambio. Los factores Javier Milei y Juan Schiaretti, sin embargo, podr\u00edan generar una fuga de votos en ambos sectores.&nbsp;<\/p>\n\n\n\n<p>El pedido de radicales como Mart\u00edn Tetaz y la titular del PRO, Patricia Bullrich, para que Milei compita en Buenos Aires para re\u00f1irle la reelecci\u00f3n provincial a Axel Kicillof abri\u00f3 una nueva discusi\u00f3n al interior de Juntos por el Cambio. El libertario afirm\u00f3 que nunca aceptar\u00eda tal ofrecimiento, pero la coalici\u00f3n opositora insiste con esa estrategia para que la gobernaci\u00f3n del territorio m\u00e1s grande del pa\u00eds no quede en manos del peronismo.&nbsp;<\/p>\n\n\n\n<p>Esta exposici\u00f3n p\u00fablica de los cambiemitas tiene un sentido: Milei les disputa los sectores m\u00e1s radicalizados de su electorado.&nbsp;<\/p>\n\n\n\n<p>Con todo, los opositores sienten cada vez m\u00e1s cerca la posibilidad de volver al gobierno luego de los casi cuatro del Frente de Todos. Zuban C\u00f3rdoba le puso n\u00fameros a esta creencia: ante la pregunta sobre si hace falta un cambio de gobierno, el 76,8% voto afirmativamente.<\/p>\n\n\n\n<p>A esto se suma el 69% que desaprueba la gesti\u00f3n actual y la falta de confianza (que llega al 62,3%) en que Sergio Massa, el Ministro de Econom\u00eda, tenga capacidad para bajar la inflaci\u00f3n.&nbsp;<\/p>\n\n\n\n<p>En el mismo m\u00f3dulo se consulto si Mauricio Macri tiene que tener su segundo tiempo. El 73,6% contest\u00f3 que no y el 84,6%, en otra pregunta, pidi\u00f3 que la dirigencia deje de pelear y dialogue m\u00e1s. A esta altura y en pleno a\u00f1o electoral, una quimera.\u00a0<\/p>\n\n\n\n<p><\/p>\n","protected":false},"excerpt":{"rendered":"<p>Un nuevo relevamiento domiciliario de la consultora Zuban C\u00f3rdoba y Asociados grafic\u00f3 los niveles de descontento que carga el Gobierno Nacional al comenzar su \u00faltimo a\u00f1o de gesti\u00f3n. Sin embargo,&hellip; <\/p>\n","protected":false},"author":1,"featured_media":36753,"comment_status":"closed","ping_status":"open","sticky":false,"template":"","format":"standard","meta":{"footnotes":""},"categories":[3],"tags":[],"class_list":["post-36750","post","type-post","status-publish","format-standard","has-post-thumbnail","hentry","category-politica"],"_links":{"self":[{"href":"https:\/\/corrientesdetarde.com\/index.php\/wp-json\/wp\/v2\/posts\/36750","targetHints":{"allow":["GET"]}}],"collection":[{"href":"https:\/\/corrientesdetarde.com\/index.php\/wp-json\/wp\/v2\/posts"}],"about":[{"href":"https:\/\/corrientesdetarde.com\/index.php\/wp-json\/wp\/v2\/types\/post"}],"author":[{"embeddable":true,"href":"https:\/\/corrientesdetarde.com\/index.php\/wp-json\/wp\/v2\/users\/1"}],"replies":[{"embeddable":true,"href":"https:\/\/corrientesdetarde.com\/index.php\/wp-json\/wp\/v2\/comments?post=36750"}],"version-history":[{"count":1,"href":"https:\/\/corrientesdetarde.com\/index.php\/wp-json\/wp\/v2\/posts\/36750\/revisions"}],"predecessor-version":[{"id":36756,"href":"https:\/\/corrientesdetarde.com\/index.php\/wp-json\/wp\/v2\/posts\/36750\/revisions\/36756"}],"wp:featuredmedia":[{"embeddable":true,"href":"https:\/\/corrientesdetarde.com\/index.php\/wp-json\/wp\/v2\/media\/36753"}],"wp:attachment":[{"href":"https:\/\/corrientesdetarde.com\/index.php\/wp-json\/wp\/v2\/media?parent=36750"}],"wp:term":[{"taxonomy":"category","embeddable":true,"href":"https:\/\/corrientesdetarde.com\/index.php\/wp-json\/wp\/v2\/categories?post=36750"},{"taxonomy":"post_tag","embeddable":true,"href":"https:\/\/corrientesdetarde.com\/index.php\/wp-json\/wp\/v2\/tags?post=36750"}],"curies":[{"name":"wp","href":"https:\/\/api.w.org\/{rel}","templated":true}]}}