{"id":36751,"date":"2023-01-31T22:08:55","date_gmt":"2023-02-01T01:08:55","guid":{"rendered":"https:\/\/corrientesdetarde.com\/?p=36751"},"modified":"2023-01-31T22:08:59","modified_gmt":"2023-02-01T01:08:59","slug":"escandalo-en-el-hotel-de-los-famosos-2-expulsaron-a-juan-martino-tras-la-acusacion-de-flor-moyano","status":"publish","type":"post","link":"https:\/\/corrientesdetarde.com\/index.php\/espectaculos\/escandalo-en-el-hotel-de-los-famosos-2-expulsaron-a-juan-martino-tras-la-acusacion-de-flor-moyano\/","title":{"rendered":"Esc\u00e1ndalo en El hotel de los famosos 2: expulsaron a Juan Martino tras la acusaci\u00f3n de Flor Moyano"},"content":{"rendered":"\n<p>El hotel de los famosos es protagonista de un nuevo esc\u00e1ndalo que, esta vez, implicar\u00eda la expulsi\u00f3n de uno de sus participantes.<\/p>\n\n\n\n<p>Aunque a\u00fan no esta confirmado de manera oficial, se dice que Juan Martino (hermano de la periodista Majo Martino) habr\u00eda sido expulsado del reality de El Trece por una denuncia de acoso de Flor Moyano, quien manten\u00eda una relaci\u00f3n con \u00e9l.<\/p>\n\n\n\n<p>&#8220;No hay ning\u00fan tipo de renuncia y tampoco hubo una invitaci\u00f3n a que renuncie. Esto est\u00e1 confirmado y lo van a ver. Lo comunican as\u00ed dentro de las grabaciones&#8221;, cont\u00f3 al respecto Mart\u00edn Salwe en Ma\u00f1an\u00edsima. &nbsp;<\/p>\n\n\n\n<p>\u00a0<br>&#8220;Es un tema serio, que sucede por la noche y hay que ver despu\u00e9s qu\u00e9 im\u00e1genes quieren mostrar (desde la producci\u00f3n)&#8221;, agreg\u00f3 el ex participante de El Hotel de los famosos.<\/p>\n\n\n\n<p>&#8220;Fede Bar\u00f3n, Seba Cobelli y Mart\u00edn Coggi me confirmaron que lo que comunica el Chino Leunis en las galas no se puede editar. Es un poco lo que va continuando el relato de la historia. Ah\u00ed les comunican que Juan Martino fue expulsado de la competencia por una situaci\u00f3n insostenible en la convivencia&#8221;, dijo Salwe.&nbsp;<\/p>\n\n\n\n<p><strong>El descargo de Flor Moyano contra sus compa\u00f1eros de El hotel de los famosos 2&nbsp;<\/strong><\/p>\n\n\n\n<p>Horas antes de esta informaci\u00f3n, Flor Moyano hizo un fuerte descargo en sus redes sociales cuando vio una foto del encuentro de los participantes de El hotel de los famosos cenando en Mar del Plata.\u00a0<\/p>\n\n\n\n<p>&#8220;\u00bfGrupo hermoso? Se hacen los amigos, suben una fotito como si nada sabiendo todo lo que pas\u00f3. &nbsp;Qu\u00e9 triste que apoyen a una persona as\u00ed, es lamentable&#8221;, dijo la influencer. &nbsp;&#8220;Ya todo saldr\u00e1 a la luz. Esto habla mucho de la clase de personas que son y a qui\u00e9n apoyan&#8221;, dispar\u00f3 en su Instagram haciendo referencia a la situaci\u00f3n que vivi\u00f3 dentro del reality y que a\u00fan no fue emitido en el aire.<\/p>\n","protected":false},"excerpt":{"rendered":"<p>El hotel de los famosos es protagonista de un nuevo esc\u00e1ndalo que, esta vez, implicar\u00eda la expulsi\u00f3n de uno de sus participantes. Aunque a\u00fan no esta confirmado de manera oficial,&hellip; <\/p>\n","protected":false},"author":1,"featured_media":36752,"comment_status":"closed","ping_status":"open","sticky":false,"template":"","format":"standard","meta":{"footnotes":""},"categories":[19],"tags":[],"class_list":["post-36751","post","type-post","status-publish","format-standard","has-post-thumbnail","hentry","category-espectaculos"],"_links":{"self":[{"href":"https:\/\/corrientesdetarde.com\/index.php\/wp-json\/wp\/v2\/posts\/36751","targetHints":{"allow":["GET"]}}],"collection":[{"href":"https:\/\/corrientesdetarde.com\/index.php\/wp-json\/wp\/v2\/posts"}],"about":[{"href":"https:\/\/corrientesdetarde.com\/index.php\/wp-json\/wp\/v2\/types\/post"}],"author":[{"embeddable":true,"href":"https:\/\/corrientesdetarde.com\/index.php\/wp-json\/wp\/v2\/users\/1"}],"replies":[{"embeddable":true,"href":"https:\/\/corrientesdetarde.com\/index.php\/wp-json\/wp\/v2\/comments?post=36751"}],"version-history":[{"count":1,"href":"https:\/\/corrientesdetarde.com\/index.php\/wp-json\/wp\/v2\/posts\/36751\/revisions"}],"predecessor-version":[{"id":36754,"href":"https:\/\/corrientesdetarde.com\/index.php\/wp-json\/wp\/v2\/posts\/36751\/revisions\/36754"}],"wp:featuredmedia":[{"embeddable":true,"href":"https:\/\/corrientesdetarde.com\/index.php\/wp-json\/wp\/v2\/media\/36752"}],"wp:attachment":[{"href":"https:\/\/corrientesdetarde.com\/index.php\/wp-json\/wp\/v2\/media?parent=36751"}],"wp:term":[{"taxonomy":"category","embeddable":true,"href":"https:\/\/corrientesdetarde.com\/index.php\/wp-json\/wp\/v2\/categories?post=36751"},{"taxonomy":"post_tag","embeddable":true,"href":"https:\/\/corrientesdetarde.com\/index.php\/wp-json\/wp\/v2\/tags?post=36751"}],"curies":[{"name":"wp","href":"https:\/\/api.w.org\/{rel}","templated":true}]}}