{"id":36759,"date":"2023-01-31T23:42:34","date_gmt":"2023-02-01T02:42:34","guid":{"rendered":"https:\/\/corrientesdetarde.com\/?p=36759"},"modified":"2023-01-31T23:42:38","modified_gmt":"2023-02-01T02:42:38","slug":"un-nino-de-12-anos-fue-diagnosticado-con-gastroenteritis-y-a-las-horas-fue-encontrado-muerto","status":"publish","type":"post","link":"https:\/\/corrientesdetarde.com\/index.php\/sociales\/un-nino-de-12-anos-fue-diagnosticado-con-gastroenteritis-y-a-las-horas-fue-encontrado-muerto\/","title":{"rendered":"Un ni\u00f1o de 12 a\u00f1os fue diagnosticado con gastroenteritis y a las horas fue encontrado muerto"},"content":{"rendered":"\n<p>Este domingo, Rodrigo Ortiz, un ni\u00f1o de 12 a\u00f1os de edad y oriundo de La Plata, amaneci\u00f3 con v\u00f3mitos y un fuerte dolor de panza. Ante el malestar, sus padres decidieron llevarlo a dos hospitales diferentes, donde, en ambos, les dijeron que solamente padec\u00eda una gastroenteritis. El menor fue enviado de regreso a su hogar, en el que horas despu\u00e9s fue encontrado muerto. Su familia denuncia mala praxis y pide investigar el caso.<\/p>\n\n\n\n<p>Las fuertes molestias de Rodrigo hab\u00edan comenzado dos d\u00edas atr\u00e1s. Padec\u00eda v\u00f3mitos y un fuerte dolor de panza que no cesaba. Alrededor de las 4 de la tarde las quejas del ni\u00f1o encendieron las alarmas de su madre, Gabriela D\u00edaz, quien determin\u00f3 trasladarlo de urgencia al Hospital Guti\u00e9rrez de la capital bonaerense.<\/p>\n\n\n\n<p>&nbsp;<br>&#8220;En la ma\u00f1ana vomitaba y decidimos llevarlo al hospital, donde me dijeron que estaba deshidratado. Me preguntaron c\u00f3mo era el v\u00f3mito y si ten\u00eda diarrea. Despu\u00e9s, me dijeron que lo lleve a casa y que le diera un poco de agua&#8221;, explic\u00f3 D\u00edaz en di\u00e1logo con el diario local El D\u00eda.<\/p>\n\n\n\n<p>&#8220;Cuando volvimos, me pidi\u00f3 agua y le di un poco, pero segu\u00eda con mucho dolor. Yo lo ve\u00eda p\u00e1lido, sin color. Despu\u00e9s cuando lleg\u00f3 la tarde me volvi\u00f3 a pedir, le volv\u00ed a dar y para eso de las 3 de la tarde lo ba\u00f1\u00e9. Yo no lo ve\u00eda bien&#8221;, relat\u00f3.<\/p>\n\n\n\n<p>Al caer la noche la salud de Rodrigo hab\u00eda empeorado. As\u00ed fue que sus padres decidieron realizar una nueva consulta m\u00e9dica, pero esta vez en un lugar diferente: &#8220;Lo llevamos al Hospital de Ni\u00f1os de La Plata a las 4 de la madrugada. Cuando entramos les dije que lo ve\u00eda mal y me atendieron. Le revisaron el coraz\u00f3n, me preguntaron qu\u00e9 ten\u00eda. Les dije que estaba vomitando \u2018cosas negras\u2019&#8221;, se\u00f1al\u00f3 la madre.<\/p>\n\n\n\n<p>&#8220;Les pregunt\u00e9 si le pod\u00edan dar algo o si Rodrigo pod\u00eda quedarse internado&#8221;, declar\u00f3 Gabriela, quien asegur\u00f3 que en el \u00faltimo hospital al que acudieron &#8220;solamente le dieron algunos remedios y sales para disolver&#8221;, los cuales son utilizados para el tratamiento de las gastroenteritis agudas.<\/p>\n\n\n\n<p>En ambos centros de salud el diagn\u00f3stico fue el mismo. Luego, el ni\u00f1o fue enviado de regreso a su hogar por segunda vez.<\/p>\n\n\n\n<p>A las 8 de la ma\u00f1ana, su madre lo encontr\u00f3 muerto en su habitaci\u00f3n de su casa ubicada en la localidad de Tolosa. &#8220;Yo esperaba que me dijeran que lo internaban, que lo iban a dejar en observaci\u00f3n, pero no. Me mandaron de vuelta a mi casa y pas\u00f3 esto&#8221;, dijo D\u00edaz.<\/p>\n\n\n\n<p>En medio de una fuerte conmoci\u00f3n, la mujer asegur\u00f3 que su hijo &#8220;no fue atendido como deb\u00eda&#8221; y que le advirti\u00f3 a los m\u00e9dicos que se trataba de una situaci\u00f3n urgente. &#8220;Yo lo ve\u00eda mal, se desmayaba. Cuando llegamos a uno de los hospitales ped\u00ed una silla de ruedas porque se ca\u00eda. Me dijeron que estaba bien, que se ca\u00eda de tanto vomitar, que estaba d\u00e9bil&#8221;, agreg\u00f3.<\/p>\n\n\n\n<p>&#8220;Que se hagan cargo y que me digan por qu\u00e9 me dieron los remedios. Se llevaron a mi beb\u00e9. Yo lo llev\u00e9 para que \u00e9l vuelva bien&#8221;, sostuvo Gabriela.<\/p>\n\n\n\n<p>Tras el hecho, la familia realiz\u00f3 una denuncia por abandono de persona en ambos hospitales: &#8220;No le hicieron ning\u00fan estudio. Solamente le tocaban la panza&#8221;. Adem\u00e1s, aclararon que ning\u00fan integrante m\u00e1s padeci\u00f3 de v\u00f3mitos, diarreas o dolores estomacales en los \u00faltimos d\u00edas.<\/p>\n\n\n\n<p>&#8220;No hay ninguna explicaci\u00f3n. Para m\u00ed esto es totalmente una negligencia m\u00e9dica, porque no puede ser que no se haya podido hacer nada, que el ni\u00f1o haya muerto en su casa. No hay una explicaci\u00f3n l\u00f3gica. Queremos que se sepa de qu\u00e9 muri\u00f3 realmente Rodrigo&#8221;, indic\u00f3 Cynthia D\u00edaz, madrina del ni\u00f1o, en comunicaci\u00f3n con el citado medio platense.<\/p>\n\n\n\n<p>Ahora, la investigaci\u00f3n de la muerte del ni\u00f1o qued\u00f3 en manos de la UFI N\u00ba7 de La Plata, a cargo de la fiscal Virginia Bravo, y fue caratulada como &#8220;averiguaci\u00f3n de causales de muerte&#8221;.<\/p>\n\n\n\n<p><\/p>\n","protected":false},"excerpt":{"rendered":"<p>Este domingo, Rodrigo Ortiz, un ni\u00f1o de 12 a\u00f1os de edad y oriundo de La Plata, amaneci\u00f3 con v\u00f3mitos y un fuerte dolor de panza. Ante el malestar, sus padres&hellip; <\/p>\n","protected":false},"author":1,"featured_media":36766,"comment_status":"closed","ping_status":"open","sticky":false,"template":"","format":"standard","meta":{"footnotes":""},"categories":[17],"tags":[],"class_list":["post-36759","post","type-post","status-publish","format-standard","has-post-thumbnail","hentry","category-sociales"],"_links":{"self":[{"href":"https:\/\/corrientesdetarde.com\/index.php\/wp-json\/wp\/v2\/posts\/36759","targetHints":{"allow":["GET"]}}],"collection":[{"href":"https:\/\/corrientesdetarde.com\/index.php\/wp-json\/wp\/v2\/posts"}],"about":[{"href":"https:\/\/corrientesdetarde.com\/index.php\/wp-json\/wp\/v2\/types\/post"}],"author":[{"embeddable":true,"href":"https:\/\/corrientesdetarde.com\/index.php\/wp-json\/wp\/v2\/users\/1"}],"replies":[{"embeddable":true,"href":"https:\/\/corrientesdetarde.com\/index.php\/wp-json\/wp\/v2\/comments?post=36759"}],"version-history":[{"count":1,"href":"https:\/\/corrientesdetarde.com\/index.php\/wp-json\/wp\/v2\/posts\/36759\/revisions"}],"predecessor-version":[{"id":36774,"href":"https:\/\/corrientesdetarde.com\/index.php\/wp-json\/wp\/v2\/posts\/36759\/revisions\/36774"}],"wp:featuredmedia":[{"embeddable":true,"href":"https:\/\/corrientesdetarde.com\/index.php\/wp-json\/wp\/v2\/media\/36766"}],"wp:attachment":[{"href":"https:\/\/corrientesdetarde.com\/index.php\/wp-json\/wp\/v2\/media?parent=36759"}],"wp:term":[{"taxonomy":"category","embeddable":true,"href":"https:\/\/corrientesdetarde.com\/index.php\/wp-json\/wp\/v2\/categories?post=36759"},{"taxonomy":"post_tag","embeddable":true,"href":"https:\/\/corrientesdetarde.com\/index.php\/wp-json\/wp\/v2\/tags?post=36759"}],"curies":[{"name":"wp","href":"https:\/\/api.w.org\/{rel}","templated":true}]}}