{"id":36760,"date":"2023-01-31T23:41:11","date_gmt":"2023-02-01T02:41:11","guid":{"rendered":"https:\/\/corrientesdetarde.com\/?p=36760"},"modified":"2023-01-31T23:41:11","modified_gmt":"2023-02-01T02:41:11","slug":"mataron-de-un-tiro-por-la-espalda-a-un-gendarme","status":"publish","type":"post","link":"https:\/\/corrientesdetarde.com\/index.php\/crimen-y-justicia\/mataron-de-un-tiro-por-la-espalda-a-un-gendarme\/","title":{"rendered":"Mataron de un tiro por la espalda a un gendarme"},"content":{"rendered":"\n<p>Un gendarme fue asesinado este martes de un disparo en la espalda cuando viajaba en su moto en la localidad bonaerense de Z\u00e1rate y los investigadores sospechan que el crimen est\u00e1 relacionado a una tentativa de robo.<br>El cuerpo del gendarme fue hallado apenas pasadas las 6 de la ma\u00f1ana, cuando personal policial lleg\u00f3 a la intersecci\u00f3n de la calle Espa\u00f1a y ruta 9 en esa localidad del norte del Gran Buenos Aires. All\u00ed los agentes se encontraron con una persona que hab\u00eda ca\u00eddo de su moto KTM 500 y se encontraba inconsciente.<\/p>\n\n\n\n<p>Tras el arribo de la ambulancia, los m\u00e9dicos constataron que el hombre ya hab\u00eda muerto y que ten\u00eda un disparo en el om\u00f3plato izquierdo.<\/p>\n\n\n\n<p>La v\u00edctima fue identificada como Andr\u00e9s Claudio Rivero, cabo primero de la Gendarmer\u00eda Nacional (GNA) que prestaba servicio en el Escuadr\u00f3n 7 Seguridad Ciudadana de El Palomar, a donde se dirig\u00eda esta ma\u00f1ana antes de ser asesinado.<\/p>\n\n\n\n<p>Por su parte, los investigadores informaron que en la escena del crimen se encontr\u00f3 una vaina servida calibre .22.<\/p>\n\n\n\n<p>Adem\u00e1s, aseguraron que Rivero no registraba ning\u00fan faltante entre sus pertenencias ya que se encontr\u00f3 su bolso en el lugar, donde ten\u00eda su arma reglamentaria y dos cargadores.<\/p>\n\n\n\n<p>En ese contexto, fuentes judiciales aseguraron que la principal hip\u00f3tesis es que el crimen tuvo lugar durante un intento de robo, en el cual los delincuentes, al percatarse que estaban asaltando a un gendarme, abrieron fuego contra \u00e9l.<\/p>\n\n\n\n<p>&#8220;Todav\u00eda estaba oscuro y los ladrones no pudieron ver que estaban rob\u00e1ndole a un personal de la GNA. Luego de dispararle, no llegaron a robarle la moto y huyeron&#8221;, explic\u00f3 un vocero con acceso a la investigaci\u00f3n.<\/p>\n\n\n\n<p>De la v\u00edctima, las fuentes contaron que &#8220;estaba viviendo en un barrio privado a pocos metros del lugar del hecho&#8221; junto a su hermana y su cu\u00f1ada, quienes tambi\u00e9n son gendarmes.<\/p>\n\n\n\n<p>En la investigaci\u00f3n interviene la Unidad Funcional de Instrucci\u00f3n (UFI) de Exaltaci\u00f3n de la Cruz, a cargo del fiscal Juan Manuel Esperante.<\/p>\n","protected":false},"excerpt":{"rendered":"<p>Un gendarme fue asesinado este martes de un disparo en la espalda cuando viajaba en su moto en la localidad bonaerense de Z\u00e1rate y los investigadores sospechan que el crimen&hellip; <\/p>\n","protected":false},"author":1,"featured_media":36769,"comment_status":"closed","ping_status":"open","sticky":false,"template":"","format":"standard","meta":{"footnotes":""},"categories":[5],"tags":[],"class_list":["post-36760","post","type-post","status-publish","format-standard","has-post-thumbnail","hentry","category-crimen-y-justicia"],"_links":{"self":[{"href":"https:\/\/corrientesdetarde.com\/index.php\/wp-json\/wp\/v2\/posts\/36760","targetHints":{"allow":["GET"]}}],"collection":[{"href":"https:\/\/corrientesdetarde.com\/index.php\/wp-json\/wp\/v2\/posts"}],"about":[{"href":"https:\/\/corrientesdetarde.com\/index.php\/wp-json\/wp\/v2\/types\/post"}],"author":[{"embeddable":true,"href":"https:\/\/corrientesdetarde.com\/index.php\/wp-json\/wp\/v2\/users\/1"}],"replies":[{"embeddable":true,"href":"https:\/\/corrientesdetarde.com\/index.php\/wp-json\/wp\/v2\/comments?post=36760"}],"version-history":[{"count":1,"href":"https:\/\/corrientesdetarde.com\/index.php\/wp-json\/wp\/v2\/posts\/36760\/revisions"}],"predecessor-version":[{"id":36773,"href":"https:\/\/corrientesdetarde.com\/index.php\/wp-json\/wp\/v2\/posts\/36760\/revisions\/36773"}],"wp:featuredmedia":[{"embeddable":true,"href":"https:\/\/corrientesdetarde.com\/index.php\/wp-json\/wp\/v2\/media\/36769"}],"wp:attachment":[{"href":"https:\/\/corrientesdetarde.com\/index.php\/wp-json\/wp\/v2\/media?parent=36760"}],"wp:term":[{"taxonomy":"category","embeddable":true,"href":"https:\/\/corrientesdetarde.com\/index.php\/wp-json\/wp\/v2\/categories?post=36760"},{"taxonomy":"post_tag","embeddable":true,"href":"https:\/\/corrientesdetarde.com\/index.php\/wp-json\/wp\/v2\/tags?post=36760"}],"curies":[{"name":"wp","href":"https:\/\/api.w.org\/{rel}","templated":true}]}}