{"id":36761,"date":"2023-01-31T23:20:43","date_gmt":"2023-02-01T02:20:43","guid":{"rendered":"https:\/\/corrientesdetarde.com\/?p=36761"},"modified":"2023-01-31T23:22:19","modified_gmt":"2023-02-01T02:22:19","slug":"boca-confirmo-la-llegada-de-uruguayo-merentiel-como-refuerzo","status":"publish","type":"post","link":"https:\/\/corrientesdetarde.com\/index.php\/deportes\/boca-confirmo-la-llegada-de-uruguayo-merentiel-como-refuerzo\/","title":{"rendered":"Boca confirm\u00f3 la llegada de uruguayo Merentiel como refuerzo"},"content":{"rendered":"\n<p>La dirigencia de Boca Juniors acord\u00f3 esta tarde el arribo del delantero uruguayo Miguel Merentiel, quien ser\u00e1 cedido a pr\u00e9stamo por Palmeiras de Brasil y se unir\u00e1 pr\u00f3ximamente al equipo xeneize que dirige el DT Hugo Ibarra.<\/p>\n\n\n\n<p>De acuerdo con lo revelado a T\u00e9lam por fuentes cercanas a la negociaci\u00f3n, el jugador, de 26 a\u00f1os, firmar\u00e1 &#8220;un contrato por una temporada&#8221;. &#8220;La operaci\u00f3n ser\u00e1 a pr\u00e9stamo, con una opci\u00f3n de compra&#8221; dijo el portavoz consultado.<\/p>\n\n\n\n<p>De esta manera, Merentiel se erige en la segunda cara nueva del equipo auriazul en este mercado de pases, luego de la llegada del zaguero central paraguayo Bruno Valdez, quien debut\u00f3 el domingo pasado en el triunfo sobre Atl\u00e9tico Tucum\u00e1n por 1-0.<\/p>\n\n\n\n<p>En principio, Merentiel estar\u00e1 tomando un vuelo desde San Pablo en las pr\u00f3ximas horas y ma\u00f1ana se practicar\u00eda la revisi\u00f3n m\u00e9dica de rigor. Una vez cumplimentada esa rutina, el jugador firmar\u00eda su contrato. Y el jueves estar\u00eda previsto que cumplimente su primera pr\u00e1ctica en el Centro de Entrenamiento de Ezeiza.<\/p>\n\n\n\n<figure class=\"wp-block-embed is-type-rich is-provider-twitter wp-block-embed-twitter\"><div class=\"wp-block-embed__wrapper\">\n<blockquote class=\"twitter-tweet\" data-width=\"550\" data-dnt=\"true\"><p lang=\"es\" dir=\"ltr\"><a href=\"https:\/\/twitter.com\/hashtag\/ESPNEquipoF?src=hash&amp;ref_src=twsrc%5Etfw\">#ESPNEquipoF<\/a> | <a href=\"https:\/\/twitter.com\/hashtag\/ESPNenStarPlus?src=hash&amp;ref_src=twsrc%5Etfw\">#ESPNenStarPlus<\/a> <br><br>MERENTIEL A PUNTO DE SER JUGADOR DE BOCA <br><br>No te pierdas todos los detalles de la llegada del delantero uruguayo al Xeneize. <br><br>Mir\u00e1 el programa, en vivo, por &#8211;&gt; <a href=\"https:\/\/t.co\/Yudrh83Ro7\">https:\/\/t.co\/Yudrh83Ro7<\/a> <a href=\"https:\/\/t.co\/YHMpfWeq5n\">pic.twitter.com\/YHMpfWeq5n<\/a><\/p>&mdash; ESPN F\u00fatbol Argentina (@ESPNFutbolArg) <a href=\"https:\/\/twitter.com\/ESPNFutbolArg\/status\/1620545149368692736?ref_src=twsrc%5Etfw\">January 31, 2023<\/a><\/blockquote><script async src=\"https:\/\/platform.twitter.com\/widgets.js\" charset=\"utf-8\"><\/script>\n<\/div><\/figure>\n\n\n\n<p>Formado en las Inferiores de Pe\u00f1arol, Merentiel inici\u00f3 su carrera profesional en el Tanque Sisley de Montevideo y enseguida se fue al ascenso espa\u00f1ol: pas\u00f3 por Lorca de la segunda divisi\u00f3n, Valencia B de la tercera categor\u00eda, hasta que lleg\u00f3 a Godoy Cruz de Mendoza a principios del 2019, para luego firmar con Defensa y Justicia donde logr\u00f3 la Copa Sudamericana.<\/p>\n\n\n\n<p>Por otra parte, Boca sigue insistiendo para que Lucas Merolla sea el defensor zurdo que necesita el entrenador Ibarra, para sustituir moment\u00e1neamente a Marcos Rojo, quien viene de una operaci\u00f3n de ligamentos y reci\u00e9n estar\u00e1 a disposici\u00f3n para junio de este a\u00f1o.<\/p>\n\n\n\n<figure class=\"wp-block-embed is-type-rich is-provider-twitter wp-block-embed-twitter\"><div class=\"wp-block-embed__wrapper\">\n<blockquote class=\"twitter-tweet\" data-width=\"550\" data-dnt=\"true\"><p lang=\"es\" dir=\"ltr\">Imag\u00ednense esto:<br><br>Supercl\u00e1sico super cerrado. Centro al \u00e1rea y gol de Merentiel. Todos los jugadores colgados del alambrado. Se bajan y Merentiel grita: &quot;SOY UNA BESTIA&quot; <br><br>Perm\u00edtanme so\u00f1ar <a href=\"https:\/\/t.co\/AEYsNzwsfp\">pic.twitter.com\/AEYsNzwsfp<\/a><\/p>&mdash; Pasi\u00f3nXeneize1905 (@PasionX_1905) <a href=\"https:\/\/twitter.com\/PasionX_1905\/status\/1620555066133598208?ref_src=twsrc%5Etfw\">January 31, 2023<\/a><\/blockquote><script async src=\"https:\/\/platform.twitter.com\/widgets.js\" charset=\"utf-8\"><\/script>\n<\/div><\/figure>\n\n\n\n<p>M\u00e1s all\u00e1 que los integrantes de la secretar\u00eda de f\u00fatbol ya arreglaron con el futbolista un contrato por 4 a\u00f1os, el pase por el defensor de Hurac\u00e1n est\u00e1 un poco m\u00e1s trabado que en los d\u00edas anteriores.<\/p>\n\n\n\n<p>El &#8220;Xeneize&#8221; ofert\u00f3 400 mil d\u00f3lares y la deuda del &#8220;Globo&#8221; por Franco Cristaldo, pero a los dirigentes de Hurac\u00e1n le pareci\u00f3 insuficiente.<\/p>\n\n\n\n<p>La traba es porque habr\u00eda otra oferta, seg\u00fan la gente de Hurac\u00e1n, del Riga F\u00fatbol Club de Letonia, que est\u00e1 dispuesto a pagar 1.5 millones de d\u00f3lares, pero el tema es que el zaguero de 27 a\u00f1os quiere ponerse la camiseta azul y oro, tal como dijo Juan Rom\u00e1n Riquelme, vicepresidente segundo de Boca, en una nota realizada la semana pasada en ESPN.<\/p>\n\n\n\n<figure class=\"wp-block-embed is-type-rich is-provider-twitter wp-block-embed-twitter\"><div class=\"wp-block-embed__wrapper\">\n<blockquote class=\"twitter-tweet\" data-width=\"550\" data-dnt=\"true\"><p lang=\"es\" dir=\"ltr\">\ud83d\udea8\/\/ El ExPe\u00f1arol, Miguel Merentiel ser\u00e1 nuevo jugador de Boca Juniors \ud83c\udde6\ud83c\uddf7. Pr\u00e9stamo por 1 a\u00f1o, con opci\u00f3n a compra por 3.000.000 USD.<br><br>En Pe\u00f1arol jug\u00f3 en 4ta y 3ra, con un total de 61 partidos y 29 goles (<a href=\"https:\/\/twitter.com\/Giancaa23?ref_src=twsrc%5Etfw\">@Giancaa23<\/a>). <a href=\"https:\/\/t.co\/gvFenYV3xM\">pic.twitter.com\/gvFenYV3xM<\/a><\/p>&mdash; \u1d20\u1d00\u029f\u1d07\u0274\u1d1b\u026a\u0274\u1d0f (@Vale_L10) <a href=\"https:\/\/twitter.com\/Vale_L10\/status\/1620547182293323776?ref_src=twsrc%5Etfw\">January 31, 2023<\/a><\/blockquote><script async src=\"https:\/\/platform.twitter.com\/widgets.js\" charset=\"utf-8\"><\/script>\n<\/div><\/figure>\n\n\n\n<p>El jugador no concentr\u00f3 con sus compa\u00f1eros para el partido de ma\u00f1ana que Hurac\u00e1n jugar\u00e1 ante Yupanqui por los 32avos de la Copa Argentina.<\/p>\n\n\n\n<p>En tanto en los pr\u00f3ximos d\u00edas, el juvenil Valent\u00edn Barco firmar\u00e1 un v\u00ednculo por un a\u00f1o m\u00e1s, su ficha vence el 31 de diciembre del corriente a\u00f1o.<\/p>\n\n\n\n<p>El marcador de punta, uno de los de mayor futuro de las inferiores, tuvo una oferta del Getafe de 4 millones de d\u00f3lares por el cincuenta por ciento de su pase, que finalmente no fue aceptada por Boca.<\/p>\n\n\n\n<p>El plantel profesional volvi\u00f3 hoy a las pr\u00e1cticas y la novedad fue la presencia del defensor colombiano Frank Fabra, quien jug\u00f3 y fue capit\u00e1n en la selecci\u00f3n de su pa\u00eds en el empate ante los Estados Unidos 0 a 0.<\/p>\n\n\n\n<p>Finalmente, el defensor Agust\u00edn S\u00e1ndez se hizo estudios en su rodilla derecha, debido a que sali\u00f2 lesionado en la victoria el domingo pasado ante Atl\u00e9tico de Tucum\u00e1n por 1 a 0 y se espera el parte m\u00e9dico.<\/p>\n\n\n\n<p>Boca jugar\u00e1 nuevamente de local ante Central C\u00f3rdoba de Santiago del Estero, el pr\u00f3ximo domingo desde las 19.15 por la segunda fecha de la Liga Profesional de F\u00fatbol (LPF).<\/p>\n","protected":false},"excerpt":{"rendered":"<p>La dirigencia de Boca Juniors acord\u00f3 esta tarde el arribo del delantero uruguayo Miguel Merentiel, quien ser\u00e1 cedido a pr\u00e9stamo por Palmeiras de Brasil y se unir\u00e1 pr\u00f3ximamente al equipo&hellip; <\/p>\n","protected":false},"author":1,"featured_media":36768,"comment_status":"closed","ping_status":"open","sticky":false,"template":"","format":"standard","meta":{"footnotes":""},"categories":[4],"tags":[],"class_list":["post-36761","post","type-post","status-publish","format-standard","has-post-thumbnail","hentry","category-deportes"],"_links":{"self":[{"href":"https:\/\/corrientesdetarde.com\/index.php\/wp-json\/wp\/v2\/posts\/36761","targetHints":{"allow":["GET"]}}],"collection":[{"href":"https:\/\/corrientesdetarde.com\/index.php\/wp-json\/wp\/v2\/posts"}],"about":[{"href":"https:\/\/corrientesdetarde.com\/index.php\/wp-json\/wp\/v2\/types\/post"}],"author":[{"embeddable":true,"href":"https:\/\/corrientesdetarde.com\/index.php\/wp-json\/wp\/v2\/users\/1"}],"replies":[{"embeddable":true,"href":"https:\/\/corrientesdetarde.com\/index.php\/wp-json\/wp\/v2\/comments?post=36761"}],"version-history":[{"count":1,"href":"https:\/\/corrientesdetarde.com\/index.php\/wp-json\/wp\/v2\/posts\/36761\/revisions"}],"predecessor-version":[{"id":36767,"href":"https:\/\/corrientesdetarde.com\/index.php\/wp-json\/wp\/v2\/posts\/36761\/revisions\/36767"}],"wp:featuredmedia":[{"embeddable":true,"href":"https:\/\/corrientesdetarde.com\/index.php\/wp-json\/wp\/v2\/media\/36768"}],"wp:attachment":[{"href":"https:\/\/corrientesdetarde.com\/index.php\/wp-json\/wp\/v2\/media?parent=36761"}],"wp:term":[{"taxonomy":"category","embeddable":true,"href":"https:\/\/corrientesdetarde.com\/index.php\/wp-json\/wp\/v2\/categories?post=36761"},{"taxonomy":"post_tag","embeddable":true,"href":"https:\/\/corrientesdetarde.com\/index.php\/wp-json\/wp\/v2\/tags?post=36761"}],"curies":[{"name":"wp","href":"https:\/\/api.w.org\/{rel}","templated":true}]}}